{"id":1535,"date":"2018-12-28T23:45:56","date_gmt":"2018-12-28T22:45:56","guid":{"rendered":"https:\/\/livre.philhotherapie.com\/?p=1535"},"modified":"2019-06-04T09:50:59","modified_gmt":"2019-06-04T07:50:59","slug":"retraite-spirituelle-grandes-canaries-20-27-juillet-2019","status":"publish","type":"post","link":"https:\/\/livre.philhotherapie.com\/retraite-spirituelle-grandes-canaries-20-27-juillet-2019\/","title":{"rendered":"Retraite spirituelle  Grandes Canaries du 20 au 27 juillet 2019"},"content":{"rendered":"<div id=\"id_5c26a5fdf2b201313725973\" class=\"text_exposed_root text_exposed\">\n<p><strong>Nous vous proposons une semaine au Grandes Canaries (Espagne).<\/strong><\/p>\n<p>En notre compagnie \u00ab Monica et Philippe \u00bb dans le cadre de la PhilhoTh\u00e9rapie<\/p>\n<p>Dans un complexe d\u2019a<span class=\"text_exposed_show\">ppartements priv\u00e9s sur les hauteurs du petit village Arguineguin, nous vous proposons, pour vous d\u00e9tendre, rel\u00e2cher les tensions, vous accorder un instant pour vous. Une semaine de m\u00e9ditation, de relaxation, de ressourcement, de bien-\u00eatre, avec divers ateliers :<\/span><\/p>\n<div class=\"text_exposed_show\">\n<p>&#8211; M\u00e9ditation<br \/>\n&#8211; Yoga<br \/>\n&#8211; Pil\u00e2tes<br \/>\n&#8211; Les balades en nature pour se ressourcer<br \/>\n&#8211; Initiations au Reiki \u00e0 la Bio\u00e9nergie et au Magn\u00e9tisme<br \/>\n&#8211; l\u2019utilisation d\u2019un pendule<br \/>\n&#8211; le Tarot de Osho, les cartes des anges<\/p>\n<p>Nous vous accompagnons dans toutes ces pratiques.<br \/>\nPartage, Bienveillance et Plaisir sont les valeurs qui animent nos s\u00e9jours.<\/p>\n<p>Pour en savoir plus ou nous contacter: <a href=\"https:\/\/livre.philhotherapie.com\/?fbclid=IwAR3c2Xh5qdERpZqKUdo_w35l7exJhq19f29EFvb--5kpQGEW4cfQ_2RO9Eg\" target=\"_blank\" rel=\"nofollow noopener\" data-lynx-mode=\"hover\" data-lynx-uri=\"http:\/\/l.facebook.com\/l.php?u=https%3A%2F%2Flivre.philhotherapie.com%2F%3Ffbclid%3DIwAR3c2Xh5qdERpZqKUdo_w35l7exJhq19f29EFvb--5kpQGEW4cfQ_2RO9Eg&amp;h=AT3kbkCiNW24PaN-vX-rwZsTjD3LyGN3smdHkgiXRoj36os35Zw0AECk8ZqZllpunybxz70Z9NTI7Th0KWZXXs3u8V9bF-i_r7xiGcdECBkgw5flmX40aXNxqL6BCVgW3DCCJtVHbJK3hTgmBX41YfYQCCCoLg\" data-ft=\"{&quot;tn&quot;:&quot;-U&quot;}\">www.philhotherapie.com<\/a><br \/>\nT\u00e9l : 079 668 28 52<\/p>\n<p>Retraite spirituelle<br \/>\nLes retraites &amp; pratiques sont des moments privil\u00e9gi\u00e9s pour vivre pleinement l&rsquo;exp\u00e9rience spirituelle. Loin des soucis du quotidien, ce stage ou retraite spirituelle en r\u00e9sidence de quelques jours permet d&rsquo;acc\u00e9der \u00e0 une pratique intensive pour rafraichir le corps et l&rsquo;esprit, consolider son canal et faire un important travail d&rsquo;auto-gu\u00e9rison. Au programme, tous les ateliers, des moments de repos, de d\u00e9tente ou de ballades, des partages et des discussions en soir\u00e9e. Tous les ingr\u00e9dients pour une retraite spirituelle r\u00e9ussie.<\/p>\n<p>Prix<br \/>\nLa formation et de l\u2019encadrement pour la semaine : 500.- Frs \/ pers,<\/p>\n<p>Aspects pratiques<\/p>\n<p>Lieu<br \/>\n\u00cele des Grandes Canaries (Espagne) dans le village d\u2019Arguineguin au sud, sud ouest de l\u2019\u00eele.<\/p>\n<p>Vol par avion avec Easyjet voir au plus vite pour r\u00e9server vos billets (prix meilleurs march\u00e9s si pris assez t\u00f4t) et pour les studios (nombre de personne + possibilit\u00e9 de faire une semaine ou plus pour des vacances prolong\u00e9es) voir avec Monica Boss T\u00e9l : 079 688 99 91 (en ce moment environ 300.-Euros A\/R)<\/p>\n<p>H\u00e9bergement en studio deux pi\u00e8ces prix 250.- Euros\/ semaine pour une \u00e0 deux personnes. Possibilit\u00e9 d\u2019une semaine suppl\u00e9mentaire ou +.<\/p>\n<p>Date<br \/>\nDu samedi 20 au samedi 27 juillet 2019 (ou plus tard si vous restez sur l\u2019\u00eele pour un s\u00e9jour plus long).<br \/>\nArriv\u00e9e samedi en fin de soir\u00e9e. D\u00e9part le samedi vers 12h. (les vols sont toujours les jeudis et samedis)<\/p>\n<p>Repas<br \/>\nLes petits d\u00e9jeuners seront \u00e0 votre charge pris au studio en terrasse ou au caf\u00e9 du coin.<br \/>\nLes repas du midi seront souvent des pique-niques \u00e0 emporter ou restos locaux en accord avec le groupe (Caisse commune pour frais \u00e0 partag\u00e9s).<br \/>\nLes repas du soir seront pris ensemble et chacun participera \u00e0 la pr\u00e9paration et aux frais (possibilit\u00e9 de se rendre dans des petits restos typiques du coin).<br \/>\nLa nourriture et les repas sont vraiment bon march\u00e9 au Canaries compt\u00e9 10 \u00e0 20 Euros par jour sans les boissons divers.<\/p>\n<p>Compter en gros minimum 1&rsquo;000.-frs \/ la semaine de formation sans autres d\u00e9penses personnelles.<\/p>\n<\/div>\n<\/div>\n","protected":false},"excerpt":{"rendered":"<p>Nous vous proposons une semaine au Grandes Canaries (Espagne). En notre compagnie \u00ab Monica et Philippe \u00bb dans le cadre de la PhilhoTh\u00e9rapie Dans un complexe d\u2019appartements priv\u00e9s sur les hauteurs du petit village Arguineguin, nous vous proposons, pour vous d\u00e9tendre, rel\u00e2cher les tensions, vous accorder un instant pour vous. Une semaine de m\u00e9ditation, de &hellip; <a href=\"https:\/\/livre.philhotherapie.com\/retraite-spirituelle-grandes-canaries-20-27-juillet-2019\/\" class=\"more-link\">Continuer la lecture<span class=\"screen-reader-text\"> de &laquo;&nbsp;Retraite spirituelle  Grandes Canaries du 20 au 27 juillet 2019&nbsp;&raquo;<\/span><\/a><\/p>\n","protected":false},"author":15,"featured_media":1536,"comment_status":"open","ping_status":"closed","sticky":false,"template":"","format":"standard","meta":{"inline_featured_image":false},"categories":[22],"tags":[],"yoast_head":"<!-- This site is optimized with the Yoast SEO plugin v19.1 - https:\/\/yoast.com\/wordpress\/plugins\/seo\/ -->\n<title>Retraite spirituelle Grandes Canaries du 20 au 27 juillet 2019 - Philhoth\u00e9rapie<\/title>\n<meta name=\"robots\" content=\"index, follow, max-snippet:-1, max-image-preview:large, max-video-preview:-1\" \/>\n<link rel=\"canonical\" href=\"https:\/\/livre.philhotherapie.com\/retraite-spirituelle-grandes-canaries-20-27-juillet-2019\/\" \/>\n<meta property=\"og:locale\" content=\"fr_FR\" \/>\n<meta property=\"og:type\" content=\"article\" \/>\n<meta property=\"og:title\" content=\"Retraite spirituelle Grandes Canaries du 20 au 27 juillet 2019 - Philhoth\u00e9rapie\" \/>\n<meta property=\"og:description\" content=\"Nous vous proposons une semaine au Grandes Canaries (Espagne). En notre compagnie \u00ab Monica et Philippe \u00bb dans le cadre de la PhilhoTh\u00e9rapie Dans un complexe d\u2019appartements priv\u00e9s sur les hauteurs du petit village Arguineguin, nous vous proposons, pour vous d\u00e9tendre, rel\u00e2cher les tensions, vous accorder un instant pour vous. Une semaine de m\u00e9ditation, de &hellip; Continuer la lecture de &laquo;&nbsp;Retraite spirituelle Grandes Canaries du 20 au 27 juillet 2019&nbsp;&raquo;\" \/>\n<meta property=\"og:url\" content=\"https:\/\/livre.philhotherapie.com\/retraite-spirituelle-grandes-canaries-20-27-juillet-2019\/\" \/>\n<meta property=\"og:site_name\" content=\"Philhoth\u00e9rapie\" \/>\n<meta property=\"article:published_time\" content=\"2018-12-28T22:45:56+00:00\" \/>\n<meta property=\"article:modified_time\" content=\"2019-06-04T07:50:59+00:00\" \/>\n<meta property=\"og:image\" content=\"https:\/\/livre.philhotherapie.com\/incl\/uploads\/2018\/12\/33771460025_334b7e6038_b.jpg\" \/>\n\t<meta property=\"og:image:width\" content=\"1024\" \/>\n\t<meta property=\"og:image:height\" content=\"611\" \/>\n\t<meta property=\"og:image:type\" content=\"image\/jpeg\" \/>\n<meta name=\"twitter:card\" content=\"summary\" \/>\n<meta name=\"twitter:label1\" content=\"\u00c9crit par\" \/>\n\t<meta name=\"twitter:data1\" content=\"Philippe Hoebeke\" \/>\n\t<meta name=\"twitter:label2\" content=\"Dur\u00e9e de lecture estim\u00e9e\" \/>\n\t<meta name=\"twitter:data2\" content=\"2 minutes\" \/>\n<script type=\"application\/ld+json\" class=\"yoast-schema-graph\">{\"@context\":\"https:\/\/schema.org\",\"@graph\":[{\"@type\":\"WebSite\",\"@id\":\"https:\/\/livre.philhotherapie.com\/#website\",\"url\":\"https:\/\/livre.philhotherapie.com\/\",\"name\":\"Philhoth\u00e9rapie\",\"description\":\"\",\"potentialAction\":[{\"@type\":\"SearchAction\",\"target\":{\"@type\":\"EntryPoint\",\"urlTemplate\":\"https:\/\/livre.philhotherapie.com\/?s={search_term_string}\"},\"query-input\":\"required name=search_term_string\"}],\"inLanguage\":\"fr-FR\"},{\"@type\":\"ImageObject\",\"inLanguage\":\"fr-FR\",\"@id\":\"https:\/\/livre.philhotherapie.com\/retraite-spirituelle-grandes-canaries-20-27-juillet-2019\/#primaryimage\",\"url\":\"https:\/\/livre.philhotherapie.com\/incl\/uploads\/2018\/12\/33771460025_334b7e6038_b.jpg\",\"contentUrl\":\"https:\/\/livre.philhotherapie.com\/incl\/uploads\/2018\/12\/33771460025_334b7e6038_b.jpg\",\"width\":1024,\"height\":611},{\"@type\":\"WebPage\",\"@id\":\"https:\/\/livre.philhotherapie.com\/retraite-spirituelle-grandes-canaries-20-27-juillet-2019\/#webpage\",\"url\":\"https:\/\/livre.philhotherapie.com\/retraite-spirituelle-grandes-canaries-20-27-juillet-2019\/\",\"name\":\"Retraite spirituelle Grandes Canaries du 20 au 27 juillet 2019 - Philhoth\u00e9rapie\",\"isPartOf\":{\"@id\":\"https:\/\/livre.philhotherapie.com\/#website\"},\"primaryImageOfPage\":{\"@id\":\"https:\/\/livre.philhotherapie.com\/retraite-spirituelle-grandes-canaries-20-27-juillet-2019\/#primaryimage\"},\"datePublished\":\"2018-12-28T22:45:56+00:00\",\"dateModified\":\"2019-06-04T07:50:59+00:00\",\"author\":{\"@id\":\"https:\/\/livre.philhotherapie.com\/#\/schema\/person\/eaa154ff51229fbd2d001910c04498db\"},\"breadcrumb\":{\"@id\":\"https:\/\/livre.philhotherapie.com\/retraite-spirituelle-grandes-canaries-20-27-juillet-2019\/#breadcrumb\"},\"inLanguage\":\"fr-FR\",\"potentialAction\":[{\"@type\":\"ReadAction\",\"target\":[\"https:\/\/livre.philhotherapie.com\/retraite-spirituelle-grandes-canaries-20-27-juillet-2019\/\"]}]},{\"@type\":\"BreadcrumbList\",\"@id\":\"https:\/\/livre.philhotherapie.com\/retraite-spirituelle-grandes-canaries-20-27-juillet-2019\/#breadcrumb\",\"itemListElement\":[{\"@type\":\"ListItem\",\"position\":1,\"name\":\"Accueil\",\"item\":\"https:\/\/livre.philhotherapie.com\/\"},{\"@type\":\"ListItem\",\"position\":2,\"name\":\"Retraite spirituelle Grandes Canaries du 20 au 27 juillet 2019\"}]},{\"@type\":\"Person\",\"@id\":\"https:\/\/livre.philhotherapie.com\/#\/schema\/person\/eaa154ff51229fbd2d001910c04498db\",\"name\":\"Philippe Hoebeke\",\"image\":{\"@type\":\"ImageObject\",\"inLanguage\":\"fr-FR\",\"@id\":\"https:\/\/livre.philhotherapie.com\/#\/schema\/person\/image\/\",\"url\":\"https:\/\/livre.philhotherapie.com\/incl\/uploads\/2021\/09\/avatar_user_15_1632473870-96x96.jpg\",\"contentUrl\":\"https:\/\/livre.philhotherapie.com\/incl\/uploads\/2021\/09\/avatar_user_15_1632473870-96x96.jpg\",\"caption\":\"Philippe Hoebeke\"},\"url\":\"https:\/\/livre.philhotherapie.com\/profile\/philho63gmail-com\/\"}]}<\/script>\n<!-- \/ Yoast SEO plugin. -->","yoast_head_json":{"title":"Retraite spirituelle Grandes Canaries du 20 au 27 juillet 2019 - Philhoth\u00e9rapie","robots":{"index":"index","follow":"follow","max-snippet":"max-snippet:-1","max-image-preview":"max-image-preview:large","max-video-preview":"max-video-preview:-1"},"canonical":"https:\/\/livre.philhotherapie.com\/retraite-spirituelle-grandes-canaries-20-27-juillet-2019\/","og_locale":"fr_FR","og_type":"article","og_title":"Retraite spirituelle Grandes Canaries du 20 au 27 juillet 2019 - Philhoth\u00e9rapie","og_description":"Nous vous proposons une semaine au Grandes Canaries (Espagne). En notre compagnie \u00ab Monica et Philippe \u00bb dans le cadre de la PhilhoTh\u00e9rapie Dans un complexe d\u2019appartements priv\u00e9s sur les hauteurs du petit village Arguineguin, nous vous proposons, pour vous d\u00e9tendre, rel\u00e2cher les tensions, vous accorder un instant pour vous. Une semaine de m\u00e9ditation, de &hellip; Continuer la lecture de &laquo;&nbsp;Retraite spirituelle Grandes Canaries du 20 au 27 juillet 2019&nbsp;&raquo;","og_url":"https:\/\/livre.philhotherapie.com\/retraite-spirituelle-grandes-canaries-20-27-juillet-2019\/","og_site_name":"Philhoth\u00e9rapie","article_published_time":"2018-12-28T22:45:56+00:00","article_modified_time":"2019-06-04T07:50:59+00:00","og_image":[{"width":1024,"height":611,"url":"https:\/\/livre.philhotherapie.com\/incl\/uploads\/2018\/12\/33771460025_334b7e6038_b.jpg","type":"image\/jpeg"}],"twitter_card":"summary","twitter_misc":{"\u00c9crit par":"Philippe Hoebeke","Dur\u00e9e de lecture estim\u00e9e":"2 minutes"},"schema":{"@context":"https:\/\/schema.org","@graph":[{"@type":"WebSite","@id":"https:\/\/livre.philhotherapie.com\/#website","url":"https:\/\/livre.philhotherapie.com\/","name":"Philhoth\u00e9rapie","description":"","potentialAction":[{"@type":"SearchAction","target":{"@type":"EntryPoint","urlTemplate":"https:\/\/livre.philhotherapie.com\/?s={search_term_string}"},"query-input":"required name=search_term_string"}],"inLanguage":"fr-FR"},{"@type":"ImageObject","inLanguage":"fr-FR","@id":"https:\/\/livre.philhotherapie.com\/retraite-spirituelle-grandes-canaries-20-27-juillet-2019\/#primaryimage","url":"https:\/\/livre.philhotherapie.com\/incl\/uploads\/2018\/12\/33771460025_334b7e6038_b.jpg","contentUrl":"https:\/\/livre.philhotherapie.com\/incl\/uploads\/2018\/12\/33771460025_334b7e6038_b.jpg","width":1024,"height":611},{"@type":"WebPage","@id":"https:\/\/livre.philhotherapie.com\/retraite-spirituelle-grandes-canaries-20-27-juillet-2019\/#webpage","url":"https:\/\/livre.philhotherapie.com\/retraite-spirituelle-grandes-canaries-20-27-juillet-2019\/","name":"Retraite spirituelle Grandes Canaries du 20 au 27 juillet 2019 - Philhoth\u00e9rapie","isPartOf":{"@id":"https:\/\/livre.philhotherapie.com\/#website"},"primaryImageOfPage":{"@id":"https:\/\/livre.philhotherapie.com\/retraite-spirituelle-grandes-canaries-20-27-juillet-2019\/#primaryimage"},"datePublished":"2018-12-28T22:45:56+00:00","dateModified":"2019-06-04T07:50:59+00:00","author":{"@id":"https:\/\/livre.philhotherapie.com\/#\/schema\/person\/eaa154ff51229fbd2d001910c04498db"},"breadcrumb":{"@id":"https:\/\/livre.philhotherapie.com\/retraite-spirituelle-grandes-canaries-20-27-juillet-2019\/#breadcrumb"},"inLanguage":"fr-FR","potentialAction":[{"@type":"ReadAction","target":["https:\/\/livre.philhotherapie.com\/retraite-spirituelle-grandes-canaries-20-27-juillet-2019\/"]}]},{"@type":"BreadcrumbList","@id":"https:\/\/livre.philhotherapie.com\/retraite-spirituelle-grandes-canaries-20-27-juillet-2019\/#breadcrumb","itemListElement":[{"@type":"ListItem","position":1,"name":"Accueil","item":"https:\/\/livre.philhotherapie.com\/"},{"@type":"ListItem","position":2,"name":"Retraite spirituelle Grandes Canaries du 20 au 27 juillet 2019"}]},{"@type":"Person","@id":"https:\/\/livre.philhotherapie.com\/#\/schema\/person\/eaa154ff51229fbd2d001910c04498db","name":"Philippe Hoebeke","image":{"@type":"ImageObject","inLanguage":"fr-FR","@id":"https:\/\/livre.philhotherapie.com\/#\/schema\/person\/image\/","url":"https:\/\/livre.philhotherapie.com\/incl\/uploads\/2021\/09\/avatar_user_15_1632473870-96x96.jpg","contentUrl":"https:\/\/livre.philhotherapie.com\/incl\/uploads\/2021\/09\/avatar_user_15_1632473870-96x96.jpg","caption":"Philippe Hoebeke"},"url":"https:\/\/livre.philhotherapie.com\/profile\/philho63gmail-com\/"}]}},"acf":[],"_links":{"self":[{"href":"https:\/\/livre.philhotherapie.com\/rest_api\/wp\/v2\/posts\/1535"}],"collection":[{"href":"https:\/\/livre.philhotherapie.com\/rest_api\/wp\/v2\/posts"}],"about":[{"href":"https:\/\/livre.philhotherapie.com\/rest_api\/wp\/v2\/types\/post"}],"author":[{"embeddable":true,"href":"https:\/\/livre.philhotherapie.com\/rest_api\/wp\/v2\/users\/15"}],"replies":[{"embeddable":true,"href":"https:\/\/livre.philhotherapie.com\/rest_api\/wp\/v2\/comments?post=1535"}],"version-history":[{"count":3,"href":"https:\/\/livre.philhotherapie.com\/rest_api\/wp\/v2\/posts\/1535\/revisions"}],"predecessor-version":[{"id":1672,"href":"https:\/\/livre.philhotherapie.com\/rest_api\/wp\/v2\/posts\/1535\/revisions\/1672"}],"wp:featuredmedia":[{"embeddable":true,"href":"https:\/\/livre.philhotherapie.com\/rest_api\/wp\/v2\/media\/1536"}],"wp:attachment":[{"href":"https:\/\/livre.philhotherapie.com\/rest_api\/wp\/v2\/media?parent=1535"}],"wp:term":[{"taxonomy":"category","embeddable":true,"href":"https:\/\/livre.philhotherapie.com\/rest_api\/wp\/v2\/categories?post=1535"},{"taxonomy":"post_tag","embeddable":true,"href":"https:\/\/livre.philhotherapie.com\/rest_api\/wp\/v2\/tags?post=1535"}],"curies":[{"name":"wp","href":"https:\/\/api.w.org\/{rel}","templated":true}]}}