{"id":1533,"date":"2018-12-28T23:42:21","date_gmt":"2018-12-28T22:42:21","guid":{"rendered":"https:\/\/livre.philhotherapie.com\/?p=1533"},"modified":"2019-10-08T18:27:26","modified_gmt":"2019-10-08T16:27:26","slug":"retraite-spirituelle-15-22-juin-2019","status":"publish","type":"post","link":"https:\/\/livre.philhotherapie.com\/retraite-spirituelle-15-22-juin-2019\/","title":{"rendered":"Retraite Spirituelle au Tessin du 07 au 14 septembre 2019"},"content":{"rendered":"<div id=\"id_5c26a609478088582054463\" class=\"text_exposed_root text_exposed\">\n<p><strong>Nous vous proposons une semaine au Tessin en Suisse.<\/strong><\/p>\n<p>En notre compagnie \u00ab Monica et Philippe \u00bb dans le cadre de la PhilhoTh\u00e9rapie<\/p>\n<p>Dans le petit village typique <span class=\"text_exposed_hide\">\u2026<\/span><span class=\"text_exposed_show\">Tessinois d\u2019Aranno, dans les hauteurs proche de Lugano pour vous d\u00e9tendre, rel\u00e2cher les tensions, vous accorder un instant pour vous. Une semaine de m\u00e9ditation, de relaxation, de ressourcement, de bien-\u00eatre, avec divers ateliers :<\/span><\/p>\n<div class=\"text_exposed_show\">\n<p>&#8211; M\u00e9ditation<br \/>\n&#8211; Yoga<br \/>\n&#8211; Pil\u00e2tes<br \/>\n&#8211; Les balades en nature pour se ressourcer<br \/>\n&#8211; Initiations au Reiki \u00e0 la Bio\u00e9nergie et au Magn\u00e9tisme<br \/>\n&#8211; l\u2019utilisation d\u2019un pendule<br \/>\n&#8211; le Tarot de Osho, les cartes des anges<\/p>\n<p>Nous vous accompagnons dans toutes ces pratiques.<br \/>\nPartage, Bienveillance et Plaisir sont les valeurs qui animent nos s\u00e9jours.<\/p>\n<p>Pour en savoir plus ou nous contacter: <a href=\"https:\/\/livre.philhotherapie.com\/?fbclid=IwAR3alAIZ9L20JESIqhREgfvCzI9VM7NrJjJikCC8622fmfOCGvha4JaHLAM\" target=\"_blank\" rel=\"nofollow noopener\" data-lynx-mode=\"hover\" data-lynx-uri=\"http:\/\/l.facebook.com\/l.php?u=https%3A%2F%2Flivre.philhotherapie.com%2F%3Ffbclid%3DIwAR3alAIZ9L20JESIqhREgfvCzI9VM7NrJjJikCC8622fmfOCGvha4JaHLAM&amp;h=AT0AX_q0yzJUmYn2HvOGGSfaT5cLHwi4EneQJVxAcljzioJpjlNAhRte6L6Y9OwTMHCixrZN0Jp6EUrxONwXIZr62pSOlkl70L7oyxORWl5zIJXWYU4mQROEomUucxEBF75qnd8Fc-RCbPnRJEiZ8FfXBZ3TMA\" data-ft=\"{&quot;tn&quot;:&quot;-U&quot;}\">www.philhotherapie.com<\/a><br \/>\nT\u00e9l : 079 668 28 52<br \/>\nPrix : 750.- CHF tout compris sauf le transport.<\/p>\n<p>Retraite spirituelle<br \/>\nLes retraites &amp; pratiques sont des moments privil\u00e9gi\u00e9s pour vivre pleinement l&rsquo;exp\u00e9rience spirituelle. Loin des soucis du quotidien, ce stage ou retraite spirituelle en r\u00e9sidence de quelques jours permet d&rsquo;acc\u00e9der \u00e0 une pratique intensive pour rafraichir le corps et l&rsquo;esprit, consolider son canal et faire un important travail d&rsquo;auto-gu\u00e9rison.<br \/>\nAu programme, initiation Reiki, des moments de repos, de d\u00e9tente ou de ballades, des partages et des discussions en soir\u00e9e. Tous les ingr\u00e9dients pour une retraite spirituelle r\u00e9ussie.<\/p>\n<p>Aspects pratiques<\/p>\n<p>Lieu<br \/>\nDans un petit village typique du Tessin \u00e0 \u00ab ARANNO \u00bb (pr\u00e8s de Lugano, Suisse) dans une maison Tessinoise \u00e0 3h45 de voiture de Neuch\u00e2tel.<\/p>\n<p>Des co-voiturages peuvent-\u00eatre organis\u00e9s selon les possibilit\u00e9s offertes.<\/p>\n<p>H\u00e9bergement et repas inclus dans le prix en chambres doubles. Possibilit\u00e9 d\u2019une chambre individuelle suivant les disponibilit\u00e9s.<\/p>\n<p>Date<\/p>\n<p>Du samedi 7 au samedi 14 septembre 2019. Arriv\u00e9e pour 14h, accueil et r\u00e9partition des chambres, 1<sup>er<\/sup> jour. D\u00e9part \u00e0 12h00 pas de repas mais possibilit\u00e9 d\u2019emporter un p\u00eeque-nique<\/p>\n<p>Le matin une derni\u00e8re petite m\u00e9ditation puis petit d\u00e9jeuner et rangement, nettoyage des lieux, le dernier jour.<\/p>\n<p><strong>Repas<\/strong><\/p>\n<p>En pension compl\u00e8te. Une sortie est pr\u00e9vue en semaine le mercredi ou jeudi avec un souper dans un Grotto <em>(pas pr\u00e9vu dans le prix du s\u00e9jour mais possibilit\u00e9 d\u2019un p\u00eeque-nique)<\/em>.<\/p>\n<p>Merci de mentionner au moment de l&rsquo;inscription toute demande de r\u00e9gime alimentaire particulier.<\/p>\n<\/div>\n<\/div>\n","protected":false},"excerpt":{"rendered":"<p>Nous vous proposons une semaine au Tessin en Suisse. En notre compagnie \u00ab Monica et Philippe \u00bb dans le cadre de la PhilhoTh\u00e9rapie Dans le petit village typique \u2026Tessinois d\u2019Aranno, dans les hauteurs proche de Lugano pour vous d\u00e9tendre, rel\u00e2cher les tensions, vous accorder un instant pour vous. Une semaine de m\u00e9ditation, de relaxation, de &hellip; <a href=\"https:\/\/livre.philhotherapie.com\/retraite-spirituelle-15-22-juin-2019\/\" class=\"more-link\">Continuer la lecture<span class=\"screen-reader-text\"> de &laquo;&nbsp;Retraite Spirituelle au Tessin du 07 au 14 septembre 2019&nbsp;&raquo;<\/span><\/a><\/p>\n","protected":false},"author":15,"featured_media":1320,"comment_status":"open","ping_status":"closed","sticky":false,"template":"","format":"standard","meta":{"inline_featured_image":false},"categories":[22],"tags":[],"yoast_head":"<!-- This site is optimized with the Yoast SEO plugin v19.1 - https:\/\/yoast.com\/wordpress\/plugins\/seo\/ -->\n<title>Retraite Spirituelle au Tessin du 07 au 14 septembre 2019 - Philhoth\u00e9rapie<\/title>\n<meta name=\"robots\" content=\"index, follow, max-snippet:-1, max-image-preview:large, max-video-preview:-1\" \/>\n<link rel=\"canonical\" href=\"https:\/\/livre.philhotherapie.com\/retraite-spirituelle-15-22-juin-2019\/\" \/>\n<meta property=\"og:locale\" content=\"fr_FR\" \/>\n<meta property=\"og:type\" content=\"article\" \/>\n<meta property=\"og:title\" content=\"Retraite Spirituelle au Tessin du 07 au 14 septembre 2019 - Philhoth\u00e9rapie\" \/>\n<meta property=\"og:description\" content=\"Nous vous proposons une semaine au Tessin en Suisse. En notre compagnie \u00ab Monica et Philippe \u00bb dans le cadre de la PhilhoTh\u00e9rapie Dans le petit village typique \u2026Tessinois d\u2019Aranno, dans les hauteurs proche de Lugano pour vous d\u00e9tendre, rel\u00e2cher les tensions, vous accorder un instant pour vous. Une semaine de m\u00e9ditation, de relaxation, de &hellip; Continuer la lecture de &laquo;&nbsp;Retraite Spirituelle au Tessin du 07 au 14 septembre 2019&nbsp;&raquo;\" \/>\n<meta property=\"og:url\" content=\"https:\/\/livre.philhotherapie.com\/retraite-spirituelle-15-22-juin-2019\/\" \/>\n<meta property=\"og:site_name\" content=\"Philhoth\u00e9rapie\" \/>\n<meta property=\"article:published_time\" content=\"2018-12-28T22:42:21+00:00\" \/>\n<meta property=\"article:modified_time\" content=\"2019-10-08T16:27:26+00:00\" \/>\n<meta property=\"og:image\" content=\"https:\/\/livre.philhotherapie.com\/incl\/uploads\/2018\/05\/CZRiK1kXEAAgMqD.jpg\" \/>\n\t<meta property=\"og:image:width\" content=\"800\" \/>\n\t<meta property=\"og:image:height\" content=\"532\" \/>\n\t<meta property=\"og:image:type\" content=\"image\/jpeg\" \/>\n<meta name=\"twitter:card\" content=\"summary\" \/>\n<meta name=\"twitter:label1\" content=\"\u00c9crit par\" \/>\n\t<meta name=\"twitter:data1\" content=\"Philippe Hoebeke\" \/>\n\t<meta name=\"twitter:label2\" content=\"Dur\u00e9e de lecture estim\u00e9e\" \/>\n\t<meta name=\"twitter:data2\" content=\"2 minutes\" \/>\n<script type=\"application\/ld+json\" class=\"yoast-schema-graph\">{\"@context\":\"https:\/\/schema.org\",\"@graph\":[{\"@type\":\"WebSite\",\"@id\":\"https:\/\/livre.philhotherapie.com\/#website\",\"url\":\"https:\/\/livre.philhotherapie.com\/\",\"name\":\"Philhoth\u00e9rapie\",\"description\":\"\",\"potentialAction\":[{\"@type\":\"SearchAction\",\"target\":{\"@type\":\"EntryPoint\",\"urlTemplate\":\"https:\/\/livre.philhotherapie.com\/?s={search_term_string}\"},\"query-input\":\"required name=search_term_string\"}],\"inLanguage\":\"fr-FR\"},{\"@type\":\"ImageObject\",\"inLanguage\":\"fr-FR\",\"@id\":\"https:\/\/livre.philhotherapie.com\/retraite-spirituelle-15-22-juin-2019\/#primaryimage\",\"url\":\"https:\/\/livre.philhotherapie.com\/incl\/uploads\/2018\/05\/CZRiK1kXEAAgMqD.jpg\",\"contentUrl\":\"https:\/\/livre.philhotherapie.com\/incl\/uploads\/2018\/05\/CZRiK1kXEAAgMqD.jpg\",\"width\":800,\"height\":532},{\"@type\":\"WebPage\",\"@id\":\"https:\/\/livre.philhotherapie.com\/retraite-spirituelle-15-22-juin-2019\/#webpage\",\"url\":\"https:\/\/livre.philhotherapie.com\/retraite-spirituelle-15-22-juin-2019\/\",\"name\":\"Retraite Spirituelle au Tessin du 07 au 14 septembre 2019 - Philhoth\u00e9rapie\",\"isPartOf\":{\"@id\":\"https:\/\/livre.philhotherapie.com\/#website\"},\"primaryImageOfPage\":{\"@id\":\"https:\/\/livre.philhotherapie.com\/retraite-spirituelle-15-22-juin-2019\/#primaryimage\"},\"datePublished\":\"2018-12-28T22:42:21+00:00\",\"dateModified\":\"2019-10-08T16:27:26+00:00\",\"author\":{\"@id\":\"https:\/\/livre.philhotherapie.com\/#\/schema\/person\/eaa154ff51229fbd2d001910c04498db\"},\"breadcrumb\":{\"@id\":\"https:\/\/livre.philhotherapie.com\/retraite-spirituelle-15-22-juin-2019\/#breadcrumb\"},\"inLanguage\":\"fr-FR\",\"potentialAction\":[{\"@type\":\"ReadAction\",\"target\":[\"https:\/\/livre.philhotherapie.com\/retraite-spirituelle-15-22-juin-2019\/\"]}]},{\"@type\":\"BreadcrumbList\",\"@id\":\"https:\/\/livre.philhotherapie.com\/retraite-spirituelle-15-22-juin-2019\/#breadcrumb\",\"itemListElement\":[{\"@type\":\"ListItem\",\"position\":1,\"name\":\"Accueil\",\"item\":\"https:\/\/livre.philhotherapie.com\/\"},{\"@type\":\"ListItem\",\"position\":2,\"name\":\"Retraite Spirituelle au Tessin du 07 au 14 septembre 2019\"}]},{\"@type\":\"Person\",\"@id\":\"https:\/\/livre.philhotherapie.com\/#\/schema\/person\/eaa154ff51229fbd2d001910c04498db\",\"name\":\"Philippe Hoebeke\",\"image\":{\"@type\":\"ImageObject\",\"inLanguage\":\"fr-FR\",\"@id\":\"https:\/\/livre.philhotherapie.com\/#\/schema\/person\/image\/\",\"url\":\"https:\/\/livre.philhotherapie.com\/incl\/uploads\/2021\/09\/avatar_user_15_1632473870-96x96.jpg\",\"contentUrl\":\"https:\/\/livre.philhotherapie.com\/incl\/uploads\/2021\/09\/avatar_user_15_1632473870-96x96.jpg\",\"caption\":\"Philippe Hoebeke\"},\"url\":\"https:\/\/livre.philhotherapie.com\/profile\/philho63gmail-com\/\"}]}<\/script>\n<!-- \/ Yoast SEO plugin. -->","yoast_head_json":{"title":"Retraite Spirituelle au Tessin du 07 au 14 septembre 2019 - Philhoth\u00e9rapie","robots":{"index":"index","follow":"follow","max-snippet":"max-snippet:-1","max-image-preview":"max-image-preview:large","max-video-preview":"max-video-preview:-1"},"canonical":"https:\/\/livre.philhotherapie.com\/retraite-spirituelle-15-22-juin-2019\/","og_locale":"fr_FR","og_type":"article","og_title":"Retraite Spirituelle au Tessin du 07 au 14 septembre 2019 - Philhoth\u00e9rapie","og_description":"Nous vous proposons une semaine au Tessin en Suisse. En notre compagnie \u00ab Monica et Philippe \u00bb dans le cadre de la PhilhoTh\u00e9rapie Dans le petit village typique \u2026Tessinois d\u2019Aranno, dans les hauteurs proche de Lugano pour vous d\u00e9tendre, rel\u00e2cher les tensions, vous accorder un instant pour vous. Une semaine de m\u00e9ditation, de relaxation, de &hellip; Continuer la lecture de &laquo;&nbsp;Retraite Spirituelle au Tessin du 07 au 14 septembre 2019&nbsp;&raquo;","og_url":"https:\/\/livre.philhotherapie.com\/retraite-spirituelle-15-22-juin-2019\/","og_site_name":"Philhoth\u00e9rapie","article_published_time":"2018-12-28T22:42:21+00:00","article_modified_time":"2019-10-08T16:27:26+00:00","og_image":[{"width":800,"height":532,"url":"https:\/\/livre.philhotherapie.com\/incl\/uploads\/2018\/05\/CZRiK1kXEAAgMqD.jpg","type":"image\/jpeg"}],"twitter_card":"summary","twitter_misc":{"\u00c9crit par":"Philippe Hoebeke","Dur\u00e9e de lecture estim\u00e9e":"2 minutes"},"schema":{"@context":"https:\/\/schema.org","@graph":[{"@type":"WebSite","@id":"https:\/\/livre.philhotherapie.com\/#website","url":"https:\/\/livre.philhotherapie.com\/","name":"Philhoth\u00e9rapie","description":"","potentialAction":[{"@type":"SearchAction","target":{"@type":"EntryPoint","urlTemplate":"https:\/\/livre.philhotherapie.com\/?s={search_term_string}"},"query-input":"required name=search_term_string"}],"inLanguage":"fr-FR"},{"@type":"ImageObject","inLanguage":"fr-FR","@id":"https:\/\/livre.philhotherapie.com\/retraite-spirituelle-15-22-juin-2019\/#primaryimage","url":"https:\/\/livre.philhotherapie.com\/incl\/uploads\/2018\/05\/CZRiK1kXEAAgMqD.jpg","contentUrl":"https:\/\/livre.philhotherapie.com\/incl\/uploads\/2018\/05\/CZRiK1kXEAAgMqD.jpg","width":800,"height":532},{"@type":"WebPage","@id":"https:\/\/livre.philhotherapie.com\/retraite-spirituelle-15-22-juin-2019\/#webpage","url":"https:\/\/livre.philhotherapie.com\/retraite-spirituelle-15-22-juin-2019\/","name":"Retraite Spirituelle au Tessin du 07 au 14 septembre 2019 - Philhoth\u00e9rapie","isPartOf":{"@id":"https:\/\/livre.philhotherapie.com\/#website"},"primaryImageOfPage":{"@id":"https:\/\/livre.philhotherapie.com\/retraite-spirituelle-15-22-juin-2019\/#primaryimage"},"datePublished":"2018-12-28T22:42:21+00:00","dateModified":"2019-10-08T16:27:26+00:00","author":{"@id":"https:\/\/livre.philhotherapie.com\/#\/schema\/person\/eaa154ff51229fbd2d001910c04498db"},"breadcrumb":{"@id":"https:\/\/livre.philhotherapie.com\/retraite-spirituelle-15-22-juin-2019\/#breadcrumb"},"inLanguage":"fr-FR","potentialAction":[{"@type":"ReadAction","target":["https:\/\/livre.philhotherapie.com\/retraite-spirituelle-15-22-juin-2019\/"]}]},{"@type":"BreadcrumbList","@id":"https:\/\/livre.philhotherapie.com\/retraite-spirituelle-15-22-juin-2019\/#breadcrumb","itemListElement":[{"@type":"ListItem","position":1,"name":"Accueil","item":"https:\/\/livre.philhotherapie.com\/"},{"@type":"ListItem","position":2,"name":"Retraite Spirituelle au Tessin du 07 au 14 septembre 2019"}]},{"@type":"Person","@id":"https:\/\/livre.philhotherapie.com\/#\/schema\/person\/eaa154ff51229fbd2d001910c04498db","name":"Philippe Hoebeke","image":{"@type":"ImageObject","inLanguage":"fr-FR","@id":"https:\/\/livre.philhotherapie.com\/#\/schema\/person\/image\/","url":"https:\/\/livre.philhotherapie.com\/incl\/uploads\/2021\/09\/avatar_user_15_1632473870-96x96.jpg","contentUrl":"https:\/\/livre.philhotherapie.com\/incl\/uploads\/2021\/09\/avatar_user_15_1632473870-96x96.jpg","caption":"Philippe Hoebeke"},"url":"https:\/\/livre.philhotherapie.com\/profile\/philho63gmail-com\/"}]}},"acf":[],"_links":{"self":[{"href":"https:\/\/livre.philhotherapie.com\/rest_api\/wp\/v2\/posts\/1533"}],"collection":[{"href":"https:\/\/livre.philhotherapie.com\/rest_api\/wp\/v2\/posts"}],"about":[{"href":"https:\/\/livre.philhotherapie.com\/rest_api\/wp\/v2\/types\/post"}],"author":[{"embeddable":true,"href":"https:\/\/livre.philhotherapie.com\/rest_api\/wp\/v2\/users\/15"}],"replies":[{"embeddable":true,"href":"https:\/\/livre.philhotherapie.com\/rest_api\/wp\/v2\/comments?post=1533"}],"version-history":[{"count":6,"href":"https:\/\/livre.philhotherapie.com\/rest_api\/wp\/v2\/posts\/1533\/revisions"}],"predecessor-version":[{"id":1757,"href":"https:\/\/livre.philhotherapie.com\/rest_api\/wp\/v2\/posts\/1533\/revisions\/1757"}],"wp:featuredmedia":[{"embeddable":true,"href":"https:\/\/livre.philhotherapie.com\/rest_api\/wp\/v2\/media\/1320"}],"wp:attachment":[{"href":"https:\/\/livre.philhotherapie.com\/rest_api\/wp\/v2\/media?parent=1533"}],"wp:term":[{"taxonomy":"category","embeddable":true,"href":"https:\/\/livre.philhotherapie.com\/rest_api\/wp\/v2\/categories?post=1533"},{"taxonomy":"post_tag","embeddable":true,"href":"https:\/\/livre.philhotherapie.com\/rest_api\/wp\/v2\/tags?post=1533"}],"curies":[{"name":"wp","href":"https:\/\/api.w.org\/{rel}","templated":true}]}}