{"id":1524,"date":"2018-12-27T12:59:33","date_gmt":"2018-12-27T11:59:33","guid":{"rendered":"https:\/\/livre.philhotherapie.com\/?p=1524"},"modified":"2018-12-27T13:01:12","modified_gmt":"2018-12-27T12:01:12","slug":"elever-ses-vibrations","status":"publish","type":"post","link":"https:\/\/livre.philhotherapie.com\/elever-ses-vibrations\/","title":{"rendered":"\u00c9lever ses Vibrations"},"content":{"rendered":"<h5>\u00c9lever ses Vibrations<\/h5>\n<p>Chaque jour nous pouvons constater comme notre \u00e9tat physique et \u00e9motionnel peut varier et passer d&rsquo;une super forme \u00e0 une fatigue soudaine sans explications apparentes.<\/p>\n<p>L&rsquo;id\u00e9al pour chacun serait bien \u00e9videmment d&rsquo;avoir la possibilit\u00e9 d&rsquo;apaiser ces vagues jusqu&rsquo;\u00e0 trouver un \u00e9quilibre agr\u00e9able et paisible.<\/p>\n<p>La bonne nouvelle est que nous avons en nous cette capacit\u00e9 \u00ab\u00a0Inn\u00e9e\u00a0\u00bb!!! youhouuu<\/p>\n<p>Oui vous avez parfaitement lu! Nous pouvons si nous le souhaitons, r\u00e9tablir un \u00e9quilibre entre ces \u00ab\u00a0Creux\u00a0\u00bb et ces \u00ab\u00a0Remont\u00e9s\u00a0\u00bb.<\/p>\n<p>Comment!?, tout simplement en travaillant r\u00e9guli\u00e8rement sur nos Vibrations.<\/p>\n<p>Eh oui! Car comme vous devez le savoir, au-del\u00e0 de notre corps physique, nous avons \u00e9galement d&rsquo;autres corps que l&rsquo;on nomme \u00ab\u00a0Corps Subtils\u00a0\u00bb et c&rsquo;est l&rsquo;ensemble de ses<\/p>\n<p>Corps Subtils qui compose notre deuxi\u00e8me corps, qui est le \u00ab\u00a0Corps \u00c9nerg\u00e9tique\u00a0\u00bb<\/p>\n<p>Ce corps \u00e9nerg\u00e9tique vibre tout comme ce qui compose et habite notre magnifique plan\u00e8te qu&rsquo;est la Terre.<\/p>\n<p>C&rsquo;est de ces vibrations et de son taux que d\u00e9pendent notre \u00e9quilibre \u00e9nerg\u00e9tique et donc notre potentiel physique, mental, \u00e9motionnel etc&#8230;<\/p>\n<p>Il est donc Bon de s&rsquo;occuper de lui et de veiller \u00e0 l&rsquo;\u00e9lever et le garder si possible aussi haut que l&rsquo;on peut.<\/p>\n<p>Bien \u00e9videmment tout cela se fait progressivement et les changements apparaissent au fil du le temps et non d&rsquo;un coup de baguette magique.<\/p>\n<p>Le mieux est donc d&rsquo;en faire un r\u00e9flexe quotidien afin que tout prenne place en douceur et que cela devienne naturel et spontan\u00e9.<\/p>\n<p>Vous Pourrez constater de plus en plus de moments de l\u00e9g\u00e8ret\u00e9, de s\u00e9r\u00e9nit\u00e9 et d&rsquo;apaisement qui seront comme des \u00e9lans vous permettant de continuer sur cette<\/p>\n<p>Voie(x) qui vous montrera la Vie de plus Haut.<\/p>\n<p>Voici quelques conseils personnels pour \u00ab\u00a0\u00c9lever\u00a0\u00bb vos vibrations, le mieux \u00e9tant que chacun trouve ce qui est bon pour lui, ce qui fait \u00e9cho et \u00ab\u00a0Vibrer\u00a0\u00bb son C\u0153ur.<\/p>\n<p><strong>\u00catre dans l&rsquo;Amour :<\/strong><\/p>\n<p>Aimer encore et toujours, Aimer tout ce que la Vie nous pr\u00e9sente, nous permet de travailler \u00e0 l&rsquo;ouverture de notre C\u0153ur, faisant ainsi se d\u00e9velopper notre Tol\u00e9rance et notre Compassion, nous \u00e9loignant de tout jugements n\u00e9gatifs envers nous-m\u00eame puis par \u00e9cho envers tous et tout.<\/p>\n<p><strong>M\u00e9diter :<\/strong><\/p>\n<p>La M\u00e9ditation nous permet de nous mettre en communication consciente avec nous m\u00eame, avec notre \u00ab\u00a0\u00eatre Profond\u00a0\u00bb, ce qui a pour effet de nous relaxer et d&rsquo;amener notre mental \u00e0 s&rsquo;apaiser, nous offrant ainsi des moments de plus en plus fr\u00e9quents de s\u00e9r\u00e9nit\u00e9 et de clart\u00e9.<\/p>\n<p><strong>Se faire Plaisir :<\/strong><\/p>\n<p>Se faire plaisir avec tout et rien, un v\u00eatement, une sieste, un g\u00e2teau, une sortie, un bain, vraiment dans les petits comme les grands plaisirs, l&rsquo;essentiel \u00e9tant d&rsquo;\u00eatre \u00e0 l&rsquo;\u00e9coute de nos besoins, ceux que notre C\u0153ur nous envoie.<\/p>\n<p><strong>Prendre du temps pour Soi :<\/strong><\/p>\n<p>Accepter de s&rsquo;Octroyer des moments rien que pour \u00ab\u00a0Soi\u00a0\u00bb est une riche source de bien-\u00eatre, car ce sont ces moments particuliers qui nous permettent de nous Retrouver et qui nous apprennent \u00e0 \u00ab\u00a0Prendre\u00a0\u00bb notre \u00ab\u00a0Place\u00a0\u00bb en douceur, n&rsquo;en laissant avec le temps, plus aucune \u00e0 la Culpabilit\u00e9.<\/p>\n<p><strong>Prendre Soin de Soi :<\/strong><\/p>\n<p>C&rsquo;est l&rsquo;un des plus beaux cadeaux que l&rsquo;on puisse se faire que de Prendre Soin de Soi, car de cette d\u00e9marche d\u00e9coule la plus Grande Responsabilit\u00e9 que l&rsquo;on puisse avoir dans la Vie qui est de se Prendre en \u00ab\u00a0Main\u00a0\u00bb, c&rsquo;est \u00e0 dire s&rsquo;Accepter, s&rsquo;Aimer.<\/p>\n<p>Le Soin que l&rsquo;on se porte est le \u00ab\u00a0m&rsquo;Aime\u00a0\u00bb que celui que l&rsquo;on donne \u00e0 Chacun.<\/p>\n<p><strong>La Musique :<\/strong><\/p>\n<p>Que vous en jouiez ou que vous en \u00e9coutiez, la Musique est l&rsquo;un des plus grand-\u00e9metteur de Hautes Vibrations.<\/p>\n<p>Elle a cette particularit\u00e9 de vraiment nous faire Vibrer jusqu&rsquo;au plus profond de nous-m\u00eame, nous transportant dans ses hauteurs et nous incitant \u00e0 un total L\u00e2cher Prise<\/p>\n<p><strong>Les El\u00e9ments Naturels :<\/strong><\/p>\n<p>-L&rsquo;eau sous toute ses formes pour son pouvoir Purificateur: les bains, boire beaucoup, la nage etc&#8230;<\/p>\n<p>-La Nature pour l&rsquo;\u00e9nergie qu&rsquo;elle nous procure afin d&rsquo;augmenter notre potentiel \u00e9nerg\u00e9tique : Jardinage int\u00e9rieur ou ext\u00e9rieur, ballades, fruits, l\u00e9gumes, etc. &#8230;<\/p>\n<p>-Les Pierres dot\u00e9es d&rsquo;\u00e9nergies bienfaisantes, qui quand on les choisit selon notre attirance, font \u00e0 cet instant r\u00e9sonance avec les parties que nous avons besoin de gu\u00e9ri<\/p>\n<p><strong>Rire, Chanter, Danser :<\/strong><\/p>\n<p>Car ce sont des moyens \u00ab\u00a0d&rsquo;Expressions\u00a0\u00bb et de \u00ab\u00a0Lib\u00e9ration\u00a0\u00bb tr\u00e8s puissants, nous permettant de nous \u00ab\u00a0Vider\u00a0\u00bb de toutes \u00e9nergies \u00ab\u00a0Pesantes\u00a0\u00bb, laissant ainsi la place aux \u00e9nergies de Joie, de Pl\u00e9nitude et de cr\u00e9ativit\u00e9, de circuler \u00ab\u00a0Librement\u00a0\u00bb.<\/p>\n<p><strong>La Tendresse, le contact physique :<\/strong><\/p>\n<p>Notre peau est d&rsquo;une tr\u00e8s grande \u00ab\u00a0Sensibilit\u00e9\u00a0\u00bb et \u00ab\u00a0R\u00e9ceptivit\u00e9\u00a0\u00bb aux Vibrations.<\/p>\n<p>Prenez l&rsquo;Image du nouveau-n\u00e9 se nourrissant principalement du contact Charnel et de l&rsquo;\u00e9change d&rsquo;Amour qui se fait par cette peau \u00e0 peau Maternel ou Paternel, lui permettant ainsi de \u00ab\u00a0Grandir\u00a0\u00bb dans la foi.<\/p>\n<p>Se faire des C\u00e2lins, avoir des gestes de tendresse, se prendre dans les bras, s&#8217;embrasser. Lorsque en plus nous ajoutons \u00e0 cela les \u00e9nergies de notre C\u0153ur, il n&rsquo;y a rien de Meilleur.<\/p>\n<p><strong>Vivre : <\/strong><\/p>\n<p>Savourer chaque instant, chaque moment comme si c&rsquo;\u00e9tait les derniers, peu importe, ce qu&rsquo;ils sont, car quoi que vous viviez dites-vous bien qu&rsquo;ils m\u00e9ritent d&rsquo;\u00eatre Appr\u00e9ci\u00e9 dans leur Totalit\u00e9.<\/p>\n<p><em>Philho Th\u00e9rapie du 1.01.2019<\/em><\/p>\n","protected":false},"excerpt":{"rendered":"<p>\u00c9lever ses Vibrations Chaque jour nous pouvons constater comme notre \u00e9tat physique et \u00e9motionnel peut varier et passer d&rsquo;une super forme \u00e0 une fatigue soudaine sans explications apparentes. L&rsquo;id\u00e9al pour chacun serait bien \u00e9videmment d&rsquo;avoir la possibilit\u00e9 d&rsquo;apaiser ces vagues jusqu&rsquo;\u00e0 trouver un \u00e9quilibre agr\u00e9able et paisible. La bonne nouvelle est que nous avons en &hellip; <a href=\"https:\/\/livre.philhotherapie.com\/elever-ses-vibrations\/\" class=\"more-link\">Continuer la lecture<span class=\"screen-reader-text\"> de &laquo;&nbsp;\u00c9lever ses Vibrations&nbsp;&raquo;<\/span><\/a><\/p>\n","protected":false},"author":15,"featured_media":1525,"comment_status":"open","ping_status":"closed","sticky":false,"template":"","format":"standard","meta":{"inline_featured_image":false},"categories":[21],"tags":[],"yoast_head":"<!-- This site is optimized with the Yoast SEO plugin v19.1 - https:\/\/yoast.com\/wordpress\/plugins\/seo\/ -->\n<title>\u00c9lever ses Vibrations - Philhoth\u00e9rapie<\/title>\n<meta name=\"robots\" content=\"index, follow, max-snippet:-1, max-image-preview:large, max-video-preview:-1\" \/>\n<link rel=\"canonical\" href=\"https:\/\/livre.philhotherapie.com\/elever-ses-vibrations\/\" \/>\n<meta property=\"og:locale\" content=\"fr_FR\" \/>\n<meta property=\"og:type\" content=\"article\" \/>\n<meta property=\"og:title\" content=\"\u00c9lever ses Vibrations - Philhoth\u00e9rapie\" \/>\n<meta property=\"og:description\" content=\"\u00c9lever ses Vibrations Chaque jour nous pouvons constater comme notre \u00e9tat physique et \u00e9motionnel peut varier et passer d&rsquo;une super forme \u00e0 une fatigue soudaine sans explications apparentes. L&rsquo;id\u00e9al pour chacun serait bien \u00e9videmment d&rsquo;avoir la possibilit\u00e9 d&rsquo;apaiser ces vagues jusqu&rsquo;\u00e0 trouver un \u00e9quilibre agr\u00e9able et paisible. La bonne nouvelle est que nous avons en &hellip; Continuer la lecture de &laquo;&nbsp;\u00c9lever ses Vibrations&nbsp;&raquo;\" \/>\n<meta property=\"og:url\" content=\"https:\/\/livre.philhotherapie.com\/elever-ses-vibrations\/\" \/>\n<meta property=\"og:site_name\" content=\"Philhoth\u00e9rapie\" \/>\n<meta property=\"article:published_time\" content=\"2018-12-27T11:59:33+00:00\" \/>\n<meta property=\"article:modified_time\" content=\"2018-12-27T12:01:12+00:00\" \/>\n<meta property=\"og:image\" content=\"https:\/\/livre.philhotherapie.com\/incl\/uploads\/2018\/12\/Cours-Pilates-1-56.jpg\" \/>\n\t<meta property=\"og:image:width\" content=\"332\" \/>\n\t<meta property=\"og:image:height\" content=\"240\" \/>\n\t<meta property=\"og:image:type\" content=\"image\/jpeg\" \/>\n<meta name=\"twitter:card\" content=\"summary\" \/>\n<meta name=\"twitter:label1\" content=\"\u00c9crit par\" \/>\n\t<meta name=\"twitter:data1\" content=\"Philippe Hoebeke\" \/>\n\t<meta name=\"twitter:label2\" content=\"Dur\u00e9e de lecture estim\u00e9e\" \/>\n\t<meta name=\"twitter:data2\" content=\"4 minutes\" \/>\n<script type=\"application\/ld+json\" class=\"yoast-schema-graph\">{\"@context\":\"https:\/\/schema.org\",\"@graph\":[{\"@type\":\"WebSite\",\"@id\":\"https:\/\/livre.philhotherapie.com\/#website\",\"url\":\"https:\/\/livre.philhotherapie.com\/\",\"name\":\"Philhoth\u00e9rapie\",\"description\":\"\",\"potentialAction\":[{\"@type\":\"SearchAction\",\"target\":{\"@type\":\"EntryPoint\",\"urlTemplate\":\"https:\/\/livre.philhotherapie.com\/?s={search_term_string}\"},\"query-input\":\"required name=search_term_string\"}],\"inLanguage\":\"fr-FR\"},{\"@type\":\"ImageObject\",\"inLanguage\":\"fr-FR\",\"@id\":\"https:\/\/livre.philhotherapie.com\/elever-ses-vibrations\/#primaryimage\",\"url\":\"https:\/\/livre.philhotherapie.com\/incl\/uploads\/2018\/12\/Cours-Pilates-1-56.jpg\",\"contentUrl\":\"https:\/\/livre.philhotherapie.com\/incl\/uploads\/2018\/12\/Cours-Pilates-1-56.jpg\",\"width\":332,\"height\":240},{\"@type\":\"WebPage\",\"@id\":\"https:\/\/livre.philhotherapie.com\/elever-ses-vibrations\/#webpage\",\"url\":\"https:\/\/livre.philhotherapie.com\/elever-ses-vibrations\/\",\"name\":\"\u00c9lever ses Vibrations - Philhoth\u00e9rapie\",\"isPartOf\":{\"@id\":\"https:\/\/livre.philhotherapie.com\/#website\"},\"primaryImageOfPage\":{\"@id\":\"https:\/\/livre.philhotherapie.com\/elever-ses-vibrations\/#primaryimage\"},\"datePublished\":\"2018-12-27T11:59:33+00:00\",\"dateModified\":\"2018-12-27T12:01:12+00:00\",\"author\":{\"@id\":\"https:\/\/livre.philhotherapie.com\/#\/schema\/person\/eaa154ff51229fbd2d001910c04498db\"},\"breadcrumb\":{\"@id\":\"https:\/\/livre.philhotherapie.com\/elever-ses-vibrations\/#breadcrumb\"},\"inLanguage\":\"fr-FR\",\"potentialAction\":[{\"@type\":\"ReadAction\",\"target\":[\"https:\/\/livre.philhotherapie.com\/elever-ses-vibrations\/\"]}]},{\"@type\":\"BreadcrumbList\",\"@id\":\"https:\/\/livre.philhotherapie.com\/elever-ses-vibrations\/#breadcrumb\",\"itemListElement\":[{\"@type\":\"ListItem\",\"position\":1,\"name\":\"Accueil\",\"item\":\"https:\/\/livre.philhotherapie.com\/\"},{\"@type\":\"ListItem\",\"position\":2,\"name\":\"\u00c9lever ses Vibrations\"}]},{\"@type\":\"Person\",\"@id\":\"https:\/\/livre.philhotherapie.com\/#\/schema\/person\/eaa154ff51229fbd2d001910c04498db\",\"name\":\"Philippe Hoebeke\",\"image\":{\"@type\":\"ImageObject\",\"inLanguage\":\"fr-FR\",\"@id\":\"https:\/\/livre.philhotherapie.com\/#\/schema\/person\/image\/\",\"url\":\"https:\/\/livre.philhotherapie.com\/incl\/uploads\/2021\/09\/avatar_user_15_1632473870-96x96.jpg\",\"contentUrl\":\"https:\/\/livre.philhotherapie.com\/incl\/uploads\/2021\/09\/avatar_user_15_1632473870-96x96.jpg\",\"caption\":\"Philippe Hoebeke\"},\"url\":\"https:\/\/livre.philhotherapie.com\/profile\/philho63gmail-com\/\"}]}<\/script>\n<!-- \/ Yoast SEO plugin. -->","yoast_head_json":{"title":"\u00c9lever ses Vibrations - Philhoth\u00e9rapie","robots":{"index":"index","follow":"follow","max-snippet":"max-snippet:-1","max-image-preview":"max-image-preview:large","max-video-preview":"max-video-preview:-1"},"canonical":"https:\/\/livre.philhotherapie.com\/elever-ses-vibrations\/","og_locale":"fr_FR","og_type":"article","og_title":"\u00c9lever ses Vibrations - Philhoth\u00e9rapie","og_description":"\u00c9lever ses Vibrations Chaque jour nous pouvons constater comme notre \u00e9tat physique et \u00e9motionnel peut varier et passer d&rsquo;une super forme \u00e0 une fatigue soudaine sans explications apparentes. L&rsquo;id\u00e9al pour chacun serait bien \u00e9videmment d&rsquo;avoir la possibilit\u00e9 d&rsquo;apaiser ces vagues jusqu&rsquo;\u00e0 trouver un \u00e9quilibre agr\u00e9able et paisible. La bonne nouvelle est que nous avons en &hellip; Continuer la lecture de &laquo;&nbsp;\u00c9lever ses Vibrations&nbsp;&raquo;","og_url":"https:\/\/livre.philhotherapie.com\/elever-ses-vibrations\/","og_site_name":"Philhoth\u00e9rapie","article_published_time":"2018-12-27T11:59:33+00:00","article_modified_time":"2018-12-27T12:01:12+00:00","og_image":[{"width":332,"height":240,"url":"https:\/\/livre.philhotherapie.com\/incl\/uploads\/2018\/12\/Cours-Pilates-1-56.jpg","type":"image\/jpeg"}],"twitter_card":"summary","twitter_misc":{"\u00c9crit par":"Philippe Hoebeke","Dur\u00e9e de lecture estim\u00e9e":"4 minutes"},"schema":{"@context":"https:\/\/schema.org","@graph":[{"@type":"WebSite","@id":"https:\/\/livre.philhotherapie.com\/#website","url":"https:\/\/livre.philhotherapie.com\/","name":"Philhoth\u00e9rapie","description":"","potentialAction":[{"@type":"SearchAction","target":{"@type":"EntryPoint","urlTemplate":"https:\/\/livre.philhotherapie.com\/?s={search_term_string}"},"query-input":"required name=search_term_string"}],"inLanguage":"fr-FR"},{"@type":"ImageObject","inLanguage":"fr-FR","@id":"https:\/\/livre.philhotherapie.com\/elever-ses-vibrations\/#primaryimage","url":"https:\/\/livre.philhotherapie.com\/incl\/uploads\/2018\/12\/Cours-Pilates-1-56.jpg","contentUrl":"https:\/\/livre.philhotherapie.com\/incl\/uploads\/2018\/12\/Cours-Pilates-1-56.jpg","width":332,"height":240},{"@type":"WebPage","@id":"https:\/\/livre.philhotherapie.com\/elever-ses-vibrations\/#webpage","url":"https:\/\/livre.philhotherapie.com\/elever-ses-vibrations\/","name":"\u00c9lever ses Vibrations - Philhoth\u00e9rapie","isPartOf":{"@id":"https:\/\/livre.philhotherapie.com\/#website"},"primaryImageOfPage":{"@id":"https:\/\/livre.philhotherapie.com\/elever-ses-vibrations\/#primaryimage"},"datePublished":"2018-12-27T11:59:33+00:00","dateModified":"2018-12-27T12:01:12+00:00","author":{"@id":"https:\/\/livre.philhotherapie.com\/#\/schema\/person\/eaa154ff51229fbd2d001910c04498db"},"breadcrumb":{"@id":"https:\/\/livre.philhotherapie.com\/elever-ses-vibrations\/#breadcrumb"},"inLanguage":"fr-FR","potentialAction":[{"@type":"ReadAction","target":["https:\/\/livre.philhotherapie.com\/elever-ses-vibrations\/"]}]},{"@type":"BreadcrumbList","@id":"https:\/\/livre.philhotherapie.com\/elever-ses-vibrations\/#breadcrumb","itemListElement":[{"@type":"ListItem","position":1,"name":"Accueil","item":"https:\/\/livre.philhotherapie.com\/"},{"@type":"ListItem","position":2,"name":"\u00c9lever ses Vibrations"}]},{"@type":"Person","@id":"https:\/\/livre.philhotherapie.com\/#\/schema\/person\/eaa154ff51229fbd2d001910c04498db","name":"Philippe Hoebeke","image":{"@type":"ImageObject","inLanguage":"fr-FR","@id":"https:\/\/livre.philhotherapie.com\/#\/schema\/person\/image\/","url":"https:\/\/livre.philhotherapie.com\/incl\/uploads\/2021\/09\/avatar_user_15_1632473870-96x96.jpg","contentUrl":"https:\/\/livre.philhotherapie.com\/incl\/uploads\/2021\/09\/avatar_user_15_1632473870-96x96.jpg","caption":"Philippe Hoebeke"},"url":"https:\/\/livre.philhotherapie.com\/profile\/philho63gmail-com\/"}]}},"acf":[],"_links":{"self":[{"href":"https:\/\/livre.philhotherapie.com\/rest_api\/wp\/v2\/posts\/1524"}],"collection":[{"href":"https:\/\/livre.philhotherapie.com\/rest_api\/wp\/v2\/posts"}],"about":[{"href":"https:\/\/livre.philhotherapie.com\/rest_api\/wp\/v2\/types\/post"}],"author":[{"embeddable":true,"href":"https:\/\/livre.philhotherapie.com\/rest_api\/wp\/v2\/users\/15"}],"replies":[{"embeddable":true,"href":"https:\/\/livre.philhotherapie.com\/rest_api\/wp\/v2\/comments?post=1524"}],"version-history":[{"count":3,"href":"https:\/\/livre.philhotherapie.com\/rest_api\/wp\/v2\/posts\/1524\/revisions"}],"predecessor-version":[{"id":1528,"href":"https:\/\/livre.philhotherapie.com\/rest_api\/wp\/v2\/posts\/1524\/revisions\/1528"}],"wp:featuredmedia":[{"embeddable":true,"href":"https:\/\/livre.philhotherapie.com\/rest_api\/wp\/v2\/media\/1525"}],"wp:attachment":[{"href":"https:\/\/livre.philhotherapie.com\/rest_api\/wp\/v2\/media?parent=1524"}],"wp:term":[{"taxonomy":"category","embeddable":true,"href":"https:\/\/livre.philhotherapie.com\/rest_api\/wp\/v2\/categories?post=1524"},{"taxonomy":"post_tag","embeddable":true,"href":"https:\/\/livre.philhotherapie.com\/rest_api\/wp\/v2\/tags?post=1524"}],"curies":[{"name":"wp","href":"https:\/\/api.w.org\/{rel}","templated":true}]}}