{"id":1496,"date":"2018-11-28T15:05:03","date_gmt":"2018-11-28T14:05:03","guid":{"rendered":"https:\/\/livre.philhotherapie.com\/?p=1496"},"modified":"2018-11-28T15:05:03","modified_gmt":"2018-11-28T14:05:03","slug":"quest-ce-que-laura","status":"publish","type":"post","link":"https:\/\/livre.philhotherapie.com\/quest-ce-que-laura\/","title":{"rendered":"Qu&rsquo;est ce que L&rsquo;AURA ?"},"content":{"rendered":"<p><strong><u>L\u2019Aura<\/u><\/strong><\/p>\n<p>Tout ce qui existe, les humains, les animaux, les plantes et m\u00eame les pierres, produit des \u00e9manations, et cette atmosph\u00e8re subtile qui entoure toute chose est ce qu&rsquo;on appelle l&rsquo;aura.<\/p>\n<p>Evidemment, elle n&rsquo;est pas visible, except\u00e9 par les clairvoyants, et beaucoup de gens ne savent m\u00eame pas qu&rsquo;elle existe.<\/p>\n<p>L&rsquo;aura est donc cette sorte de halo qui entoure chaque \u00eatre humain, avec cette diff\u00e9rence que, chez certains, elle est vaste, lumineuse, puissante, poss\u00e8de des vibrations intenses et des couleurs splendides, tandis que chez d&rsquo;autres, au contraire, elle est petite, les couleurs sont fades, ternes et tristes.<\/p>\n<p><strong><em>Note : Certaines notions peuvent \u00eatre nouvelles pour vous ou sembler extraordinaires\u2026 soit, elles le sont. Mais gardez en t\u00eate que la spiritualit\u00e9 demande du temps pour \u00eatre int\u00e9gr\u00e9e pleinement, alors prenez le temps d&rsquo;\u00e9tudier, de faire vos propres exp\u00e9riences et vous aurez votre propre id\u00e9e sur la question! <\/em><\/strong><\/p>\n<p><strong><u>On peut comparer l&rsquo;aura \u00e0 la peau <\/u><\/strong><\/p>\n<p>La peau a une fonction de protection contre les chocs, les changements de temp\u00e9rature etc.<\/p>\n<p>Elle a \u00e9galement une fonction d&rsquo;\u00e9change, car la peau absorbe, rejette, respire.<\/p>\n<p>Enfin la peau est sensible, car elle nous permet de sentir la temp\u00e9rature, les contacts, la douleur etc.<\/p>\n<p>On peut donc faire un parall\u00e8le entre la peau et l&rsquo;aura, car l&rsquo;aura poss\u00e8de les m\u00eames fonctions que la peau : c&rsquo;est elle qui prot\u00e8ge, qui permet les \u00e9changes entre notre \u00e2me et toutes les cr\u00e9atures, et qui lui donne la sensibilit\u00e9.<\/p>\n<p><strong>L&rsquo;aura est donc \u00ab\u00a0la peau de l&rsquo;\u00e2me\u00a0\u00bb.<\/strong><\/p>\n<p>On peut aussi comparer l&rsquo;aura \u00e0 l&rsquo;atmosph\u00e8re qui entoure la terre, car elle joue le m\u00eame r\u00f4le. Gr\u00e2ce \u00e0 son atmosph\u00e8re, combien la terre \u00e9vite de dangers dans sa course \u00e0 travers l&rsquo;espace! Tous les corps qui viennent de l&rsquo;espace et qui pourraient produire des catastrophes s&rsquo;ils arrivaient jusqu&rsquo;\u00e0 la terre, sont oblig\u00e9s d&rsquo;entrer tout d&rsquo;abord en contact avec les couches de l&rsquo;atmosph\u00e8re o\u00f9 ils sont souvent d\u00e9sint\u00e9gr\u00e9s.<\/p>\n<p><strong><u>L&rsquo;aura agit comme une douane protectrice<\/u><\/strong><\/p>\n<p>A travers notre aura il se produit donc un \u00e9change ininterrompu entre nous et les forces de la nature. Toutes les influences cosmiques, plan\u00e9taires et zodiacales qui se d\u00e9versent constamment dans l&rsquo;espace, viennent jusqu&rsquo;\u00e0 nous, et d&rsquo;apr\u00e8s la qualit\u00e9 de notre aura, sa sensibilit\u00e9, sa puret\u00e9 et les couleurs qu&rsquo;elle poss\u00e8de, nous recevons telle et telle force ou nous ne les recevons pas. L&rsquo;aura repr\u00e9sente donc nos antennes, comme un appareil qui capte les messages de l&rsquo;univers.<\/p>\n<p>Supposons maintenant qu&rsquo;il y ait dans le monde certaines influences n\u00e9fastes. Si on a une aura tr\u00e8s puissante, tr\u00e8s lumineuse, ces forces ne peuvent pas passer et venir jusqu&rsquo;\u00e0 notre conscience pour nous toucher ou nous nuire.<\/p>\n<p>Pourquoi? Parce <strong>qu&rsquo;avant de nous atteindre, elles doivent d&rsquo;abord rencontrer notre aura qui est comme une barri\u00e8re, comme une douane \u00e0 la fronti\u00e8re<\/strong> qui ne<\/p>\n<p>laisse rien passer sans v\u00e9rifier ce qu&rsquo;il y a dans les bagages et dans les sacs. Ces douaniers agissent en dehors de notre conscience, mais ils peuvent nous avertir.<\/p>\n<p><strong>Il est donc dans notre int\u00e9r\u00eat de travailler<\/strong><strong> sur notre aura afin qu&rsquo;elle nous prot\u00e8ge des mauvaises influences et nous permette de recevoir les influences b\u00e9n\u00e9fiques du cosmos et de notre entourage. <\/strong><\/p>\n<p><strong><u>Les diff\u00e9rents niveaux de l&rsquo;aura<\/u><\/strong><\/p>\n<p>Les min\u00e9raux, les plantes et les animaux ont aussi une aura, mais une aura seulement physique.<\/p>\n<p><strong>Les min\u00e9raux<\/strong>, les m\u00e9taux et les cristaux projettent certaines forces qui forment autour d&rsquo;eux une sorte de petit champ magn\u00e9tique color\u00e9.<\/p>\n<p><strong>Chez les plantes<\/strong>, le corps \u00e9th\u00e9rique ajoute sa vitalit\u00e9, son besoin de croissance et rend leur aura plus intense, plus vivante que celle des min\u00e9raux.<\/p>\n<p><strong>Chez les animaux<\/strong>, l&rsquo;aura est encore plus riche parce qu&rsquo;ils ont d\u00e9j\u00e0 un corps astral, le corps des d\u00e9sirs. En g\u00e9n\u00e9ral, ils n&rsquo;ont pas encore commenc\u00e9 \u00e0 d\u00e9velopper leur corps mental, sauf certains, comme le chien, le cheval, l&rsquo;\u00e9l\u00e9phant, le singe\u2026 chez qui les biologistes discernent une facult\u00e9 de penser. C&rsquo;est une pens\u00e9e rudimentaire bien s\u00fbr, mais au voisinage des humains leur corps mental commence \u00e0 se d\u00e9velopper, car en s&rsquo;occupant des animaux, en les aimants, les humains contribuent beaucoup \u00e0 leur \u00e9volution.<\/p>\n<p><strong>Quant aux humains<\/strong> ils d\u00e9veloppent actuellement leur corps mental d&rsquo;une fa\u00e7on prodigieuse\u2026 ils ne le font pas toujours dans le sens le plus favorable, mais ceux qui savent diriger et ma\u00eetriser leur pens\u00e9e renforcent \u00e9norm\u00e9ment leur aura.<\/p>\n<p><strong>Les saints, les proph\u00e8tes, les initi\u00e9s<\/strong>, par leur adoration et leur amour envers l&rsquo;Energie universelle, d\u00e9veloppent leur corps causal, leur corps bouddhique et atomique qui forme une aura d&rsquo;une splendeur extraordinaire avec des couleurs en perp\u00e9tuel mouvement comme des feux d&rsquo;artifice. Leur aura est aussi tr\u00e8s vaste, et on raconte m\u00eame que l&rsquo;aura de Bouddha s&rsquo;\u00e9tendait sur des kilom\u00e8tres. Oui, les grands Ma\u00eetres sont capables d&rsquo;\u00e9largir leur aura afin de prendre toute une r\u00e9gion sous leur protection.<\/p>\n<p><strong><u>Les variations de l&rsquo;aura<\/u><\/strong><\/p>\n<p>Quand les nuages sont \u00e9pais, ils cachent le soleil qui ne peut plus chauffer ni \u00e9clairer les cr\u00e9atures. Il en est de m\u00eame pour toute personne angoiss\u00e9e, pleine de col\u00e8re ou de haine : il y a des nuages dans son aura. D&rsquo;ailleurs, l&rsquo;aura est d&rsquo;une subtilit\u00e9 infinie de variations\u2026 elle varie constamment et rapidement d&rsquo;apr\u00e8s nos \u00e9tats de conscience ou m\u00eame notre \u00e9tat de sant\u00e9.<\/p>\n<p>L&rsquo;homme poss\u00e8de bien s\u00fbr une aura qui est constante et qui montre ce qu&rsquo;il est profond\u00e9ment, mais il y a des nuances qui varient d&rsquo;un moment \u00e0 l&rsquo;autre. C&rsquo;est comme le visage : au cours d&rsquo;une journ\u00e9e il passe par toutes sortes d&rsquo;expressions sans que change pour autant la forme du nez ou de la bouche. Il en est de m\u00eame pour l&rsquo;aura : elle est compos\u00e9e de certaines radiations, de certaines couleurs qui\u00a0r\u00e9v\u00e8lent la v\u00e9ritable nature d&rsquo;un homme, ce qui ne se modifiera pas au cours de son existence, tandis que d&rsquo;autres vibrations vont et viennent, exprimant des \u00e9tats passagers.<\/p>\n<p><strong><u>L&rsquo;aura est la fusion des \u00e9manations de l&rsquo;\u00eatre tout entier<\/u><\/strong><\/p>\n<p>C&rsquo;est pourquoi, quand un initi\u00e9 veut conna\u00eetre une personne, il n&rsquo;observe pas tellement son apparence ext\u00e9rieure, mais il t\u00e2che de sentir son aura.<\/p>\n<p>Toutes les couleurs et \u00e9manations qui s&rsquo;\u00e9chappent d&rsquo;une personne ne peuvent \u00eatre cach\u00e9es ni contr\u00f4l\u00e9es, et ce m\u00eame si la personne se camoufle derri\u00e8re une ma\u00eetrise parfaite de ses gestes, de sa voix, de ses regards.<\/p>\n<p>Les pens\u00e9es, les sentiments cr\u00e9ent des formes, des couleurs qu&rsquo;il n&rsquo;est pas possible de changer ou de camoufler. C&rsquo;est pourquoi, pour un v\u00e9ritable initi\u00e9, tout est clair : si les \u00eatres sont dans l&rsquo;harmonie ou le d\u00e9sordre, s&rsquo;il \u00e9mane d&rsquo;eux quelque chose de b\u00e9n\u00e9fique, de vivifiant, ou au contraire si on s&#8217;embourbe, tout de suite il le sent.<\/p>\n<p>Et m\u00eame la sant\u00e9 est visible, l&rsquo;\u00e9tat du foie, des poumons, du c\u0153ur, du cerveau\u2026 Tout cela se refl\u00e8te sur l&rsquo;aura.<\/p>\n<p><strong><u>Quels sont les facteurs qui agissent pour la formation de l&rsquo;aura? <\/u><\/strong><\/p>\n<p>Comme pour la formation de la peau, c&rsquo;est nous qui formons notre aura.<\/p>\n<p>L&rsquo;aura est plus complexe que la peau cependant, car elle est une combinaison de toutes les \u00e9manations de nos corps subtils. Le corps \u00e9th\u00e9rique forme une aura qui r\u00e9v\u00e8le la sant\u00e9 et la vigueur de l&rsquo;homme. Ses corps astral et mental, par leur activit\u00e9 ou leur inertie, leurs qualit\u00e9s et leurs d\u00e9fauts, ajoutent d&rsquo;autres \u00e9manations, d&rsquo;autres couleurs \u00e0 cette aura premi\u00e8re, et r\u00e9v\u00e8lent ainsi la nature de ses sentiments et de ses pens\u00e9es. Et si ses corps causal, bouddhique et atomique sont \u00e9veill\u00e9s, ils ajoutent encore d&rsquo;autres couleurs plus lumineuses, d&rsquo;autres vibrations plus puissantes.<\/p>\n<p>L&rsquo;aura est donc un livre mais un livre d&rsquo;une telle subtilit\u00e9 qu&rsquo;il est difficile d&rsquo;en avoir une id\u00e9e. Et de m\u00eame qu&rsquo;il n&rsquo;existe pas deux cr\u00e9atures qui poss\u00e8dent les m\u00eames empreintes digitales, de m\u00eame il n&rsquo;existe pas deux cr\u00e9atures qui poss\u00e8dent la m\u00eame aura, car l&rsquo;aura repr\u00e9sente la totalit\u00e9 de l&rsquo;\u00eatre humain.<\/p>\n<p>Voir la vid\u00e9o de L&rsquo;Aura et ses couleurs \u00ab\u00a0Acc\u00e8s priv\u00e9 pour les abonn\u00e9s\u00a0\u00bb<\/p>\n<p>Merci<\/p>\n<p>Philho le 28.11.2018<\/p>\n","protected":false},"excerpt":{"rendered":"<p>L\u2019Aura Tout ce qui existe, les humains, les animaux, les plantes et m\u00eame les pierres, produit des \u00e9manations, et cette atmosph\u00e8re subtile qui entoure toute chose est ce qu&rsquo;on appelle l&rsquo;aura. Evidemment, elle n&rsquo;est pas visible, except\u00e9 par les clairvoyants, et beaucoup de gens ne savent m\u00eame pas qu&rsquo;elle existe. L&rsquo;aura est donc cette sorte &hellip; <a href=\"https:\/\/livre.philhotherapie.com\/quest-ce-que-laura\/\" class=\"more-link\">Continuer la lecture<span class=\"screen-reader-text\"> de &laquo;&nbsp;Qu&rsquo;est ce que L&rsquo;AURA ?&nbsp;&raquo;<\/span><\/a><\/p>\n","protected":false},"author":15,"featured_media":1497,"comment_status":"open","ping_status":"closed","sticky":false,"template":"","format":"standard","meta":{"inline_featured_image":false},"categories":[21],"tags":[],"yoast_head":"<!-- This site is optimized with the Yoast SEO plugin v19.1 - https:\/\/yoast.com\/wordpress\/plugins\/seo\/ -->\n<title>Qu&#039;est ce que L&#039;AURA ? - Philhoth\u00e9rapie<\/title>\n<meta name=\"robots\" content=\"index, follow, max-snippet:-1, max-image-preview:large, max-video-preview:-1\" \/>\n<link rel=\"canonical\" href=\"https:\/\/livre.philhotherapie.com\/quest-ce-que-laura\/\" \/>\n<meta property=\"og:locale\" content=\"fr_FR\" \/>\n<meta property=\"og:type\" content=\"article\" \/>\n<meta property=\"og:title\" content=\"Qu&#039;est ce que L&#039;AURA ? - Philhoth\u00e9rapie\" \/>\n<meta property=\"og:description\" content=\"L\u2019Aura Tout ce qui existe, les humains, les animaux, les plantes et m\u00eame les pierres, produit des \u00e9manations, et cette atmosph\u00e8re subtile qui entoure toute chose est ce qu&rsquo;on appelle l&rsquo;aura. Evidemment, elle n&rsquo;est pas visible, except\u00e9 par les clairvoyants, et beaucoup de gens ne savent m\u00eame pas qu&rsquo;elle existe. L&rsquo;aura est donc cette sorte &hellip; Continuer la lecture de &laquo;&nbsp;Qu&rsquo;est ce que L&rsquo;AURA ?&nbsp;&raquo;\" \/>\n<meta property=\"og:url\" content=\"https:\/\/livre.philhotherapie.com\/quest-ce-que-laura\/\" \/>\n<meta property=\"og:site_name\" content=\"Philhoth\u00e9rapie\" \/>\n<meta property=\"article:published_time\" content=\"2018-11-28T14:05:03+00:00\" \/>\n<meta property=\"og:image\" content=\"https:\/\/livre.philhotherapie.com\/incl\/uploads\/2018\/11\/meditation-1-33.jpg\" \/>\n\t<meta property=\"og:image:width\" content=\"480\" \/>\n\t<meta property=\"og:image:height\" content=\"460\" \/>\n\t<meta property=\"og:image:type\" content=\"image\/jpeg\" \/>\n<meta name=\"twitter:card\" content=\"summary\" \/>\n<meta name=\"twitter:label1\" content=\"\u00c9crit par\" \/>\n\t<meta name=\"twitter:data1\" content=\"Philippe Hoebeke\" \/>\n\t<meta name=\"twitter:label2\" content=\"Dur\u00e9e de lecture estim\u00e9e\" \/>\n\t<meta name=\"twitter:data2\" content=\"7 minutes\" \/>\n<script type=\"application\/ld+json\" class=\"yoast-schema-graph\">{\"@context\":\"https:\/\/schema.org\",\"@graph\":[{\"@type\":\"WebSite\",\"@id\":\"https:\/\/livre.philhotherapie.com\/#website\",\"url\":\"https:\/\/livre.philhotherapie.com\/\",\"name\":\"Philhoth\u00e9rapie\",\"description\":\"\",\"potentialAction\":[{\"@type\":\"SearchAction\",\"target\":{\"@type\":\"EntryPoint\",\"urlTemplate\":\"https:\/\/livre.philhotherapie.com\/?s={search_term_string}\"},\"query-input\":\"required name=search_term_string\"}],\"inLanguage\":\"fr-FR\"},{\"@type\":\"ImageObject\",\"inLanguage\":\"fr-FR\",\"@id\":\"https:\/\/livre.philhotherapie.com\/quest-ce-que-laura\/#primaryimage\",\"url\":\"https:\/\/livre.philhotherapie.com\/incl\/uploads\/2018\/11\/meditation-1-33.jpg\",\"contentUrl\":\"https:\/\/livre.philhotherapie.com\/incl\/uploads\/2018\/11\/meditation-1-33.jpg\",\"width\":480,\"height\":460},{\"@type\":\"WebPage\",\"@id\":\"https:\/\/livre.philhotherapie.com\/quest-ce-que-laura\/#webpage\",\"url\":\"https:\/\/livre.philhotherapie.com\/quest-ce-que-laura\/\",\"name\":\"Qu'est ce que L'AURA ? - Philhoth\u00e9rapie\",\"isPartOf\":{\"@id\":\"https:\/\/livre.philhotherapie.com\/#website\"},\"primaryImageOfPage\":{\"@id\":\"https:\/\/livre.philhotherapie.com\/quest-ce-que-laura\/#primaryimage\"},\"datePublished\":\"2018-11-28T14:05:03+00:00\",\"dateModified\":\"2018-11-28T14:05:03+00:00\",\"author\":{\"@id\":\"https:\/\/livre.philhotherapie.com\/#\/schema\/person\/eaa154ff51229fbd2d001910c04498db\"},\"breadcrumb\":{\"@id\":\"https:\/\/livre.philhotherapie.com\/quest-ce-que-laura\/#breadcrumb\"},\"inLanguage\":\"fr-FR\",\"potentialAction\":[{\"@type\":\"ReadAction\",\"target\":[\"https:\/\/livre.philhotherapie.com\/quest-ce-que-laura\/\"]}]},{\"@type\":\"BreadcrumbList\",\"@id\":\"https:\/\/livre.philhotherapie.com\/quest-ce-que-laura\/#breadcrumb\",\"itemListElement\":[{\"@type\":\"ListItem\",\"position\":1,\"name\":\"Accueil\",\"item\":\"https:\/\/livre.philhotherapie.com\/\"},{\"@type\":\"ListItem\",\"position\":2,\"name\":\"Qu&#8217;est ce que L&#8217;AURA ?\"}]},{\"@type\":\"Person\",\"@id\":\"https:\/\/livre.philhotherapie.com\/#\/schema\/person\/eaa154ff51229fbd2d001910c04498db\",\"name\":\"Philippe Hoebeke\",\"image\":{\"@type\":\"ImageObject\",\"inLanguage\":\"fr-FR\",\"@id\":\"https:\/\/livre.philhotherapie.com\/#\/schema\/person\/image\/\",\"url\":\"https:\/\/livre.philhotherapie.com\/incl\/uploads\/2021\/09\/avatar_user_15_1632473870-96x96.jpg\",\"contentUrl\":\"https:\/\/livre.philhotherapie.com\/incl\/uploads\/2021\/09\/avatar_user_15_1632473870-96x96.jpg\",\"caption\":\"Philippe Hoebeke\"},\"url\":\"https:\/\/livre.philhotherapie.com\/profile\/philho63gmail-com\/\"}]}<\/script>\n<!-- \/ Yoast SEO plugin. -->","yoast_head_json":{"title":"Qu'est ce que L'AURA ? - Philhoth\u00e9rapie","robots":{"index":"index","follow":"follow","max-snippet":"max-snippet:-1","max-image-preview":"max-image-preview:large","max-video-preview":"max-video-preview:-1"},"canonical":"https:\/\/livre.philhotherapie.com\/quest-ce-que-laura\/","og_locale":"fr_FR","og_type":"article","og_title":"Qu'est ce que L'AURA ? - Philhoth\u00e9rapie","og_description":"L\u2019Aura Tout ce qui existe, les humains, les animaux, les plantes et m\u00eame les pierres, produit des \u00e9manations, et cette atmosph\u00e8re subtile qui entoure toute chose est ce qu&rsquo;on appelle l&rsquo;aura. Evidemment, elle n&rsquo;est pas visible, except\u00e9 par les clairvoyants, et beaucoup de gens ne savent m\u00eame pas qu&rsquo;elle existe. L&rsquo;aura est donc cette sorte &hellip; Continuer la lecture de &laquo;&nbsp;Qu&rsquo;est ce que L&rsquo;AURA ?&nbsp;&raquo;","og_url":"https:\/\/livre.philhotherapie.com\/quest-ce-que-laura\/","og_site_name":"Philhoth\u00e9rapie","article_published_time":"2018-11-28T14:05:03+00:00","og_image":[{"width":480,"height":460,"url":"https:\/\/livre.philhotherapie.com\/incl\/uploads\/2018\/11\/meditation-1-33.jpg","type":"image\/jpeg"}],"twitter_card":"summary","twitter_misc":{"\u00c9crit par":"Philippe Hoebeke","Dur\u00e9e de lecture estim\u00e9e":"7 minutes"},"schema":{"@context":"https:\/\/schema.org","@graph":[{"@type":"WebSite","@id":"https:\/\/livre.philhotherapie.com\/#website","url":"https:\/\/livre.philhotherapie.com\/","name":"Philhoth\u00e9rapie","description":"","potentialAction":[{"@type":"SearchAction","target":{"@type":"EntryPoint","urlTemplate":"https:\/\/livre.philhotherapie.com\/?s={search_term_string}"},"query-input":"required name=search_term_string"}],"inLanguage":"fr-FR"},{"@type":"ImageObject","inLanguage":"fr-FR","@id":"https:\/\/livre.philhotherapie.com\/quest-ce-que-laura\/#primaryimage","url":"https:\/\/livre.philhotherapie.com\/incl\/uploads\/2018\/11\/meditation-1-33.jpg","contentUrl":"https:\/\/livre.philhotherapie.com\/incl\/uploads\/2018\/11\/meditation-1-33.jpg","width":480,"height":460},{"@type":"WebPage","@id":"https:\/\/livre.philhotherapie.com\/quest-ce-que-laura\/#webpage","url":"https:\/\/livre.philhotherapie.com\/quest-ce-que-laura\/","name":"Qu'est ce que L'AURA ? - Philhoth\u00e9rapie","isPartOf":{"@id":"https:\/\/livre.philhotherapie.com\/#website"},"primaryImageOfPage":{"@id":"https:\/\/livre.philhotherapie.com\/quest-ce-que-laura\/#primaryimage"},"datePublished":"2018-11-28T14:05:03+00:00","dateModified":"2018-11-28T14:05:03+00:00","author":{"@id":"https:\/\/livre.philhotherapie.com\/#\/schema\/person\/eaa154ff51229fbd2d001910c04498db"},"breadcrumb":{"@id":"https:\/\/livre.philhotherapie.com\/quest-ce-que-laura\/#breadcrumb"},"inLanguage":"fr-FR","potentialAction":[{"@type":"ReadAction","target":["https:\/\/livre.philhotherapie.com\/quest-ce-que-laura\/"]}]},{"@type":"BreadcrumbList","@id":"https:\/\/livre.philhotherapie.com\/quest-ce-que-laura\/#breadcrumb","itemListElement":[{"@type":"ListItem","position":1,"name":"Accueil","item":"https:\/\/livre.philhotherapie.com\/"},{"@type":"ListItem","position":2,"name":"Qu&#8217;est ce que L&#8217;AURA ?"}]},{"@type":"Person","@id":"https:\/\/livre.philhotherapie.com\/#\/schema\/person\/eaa154ff51229fbd2d001910c04498db","name":"Philippe Hoebeke","image":{"@type":"ImageObject","inLanguage":"fr-FR","@id":"https:\/\/livre.philhotherapie.com\/#\/schema\/person\/image\/","url":"https:\/\/livre.philhotherapie.com\/incl\/uploads\/2021\/09\/avatar_user_15_1632473870-96x96.jpg","contentUrl":"https:\/\/livre.philhotherapie.com\/incl\/uploads\/2021\/09\/avatar_user_15_1632473870-96x96.jpg","caption":"Philippe Hoebeke"},"url":"https:\/\/livre.philhotherapie.com\/profile\/philho63gmail-com\/"}]}},"acf":[],"_links":{"self":[{"href":"https:\/\/livre.philhotherapie.com\/rest_api\/wp\/v2\/posts\/1496"}],"collection":[{"href":"https:\/\/livre.philhotherapie.com\/rest_api\/wp\/v2\/posts"}],"about":[{"href":"https:\/\/livre.philhotherapie.com\/rest_api\/wp\/v2\/types\/post"}],"author":[{"embeddable":true,"href":"https:\/\/livre.philhotherapie.com\/rest_api\/wp\/v2\/users\/15"}],"replies":[{"embeddable":true,"href":"https:\/\/livre.philhotherapie.com\/rest_api\/wp\/v2\/comments?post=1496"}],"version-history":[{"count":1,"href":"https:\/\/livre.philhotherapie.com\/rest_api\/wp\/v2\/posts\/1496\/revisions"}],"predecessor-version":[{"id":1498,"href":"https:\/\/livre.philhotherapie.com\/rest_api\/wp\/v2\/posts\/1496\/revisions\/1498"}],"wp:featuredmedia":[{"embeddable":true,"href":"https:\/\/livre.philhotherapie.com\/rest_api\/wp\/v2\/media\/1497"}],"wp:attachment":[{"href":"https:\/\/livre.philhotherapie.com\/rest_api\/wp\/v2\/media?parent=1496"}],"wp:term":[{"taxonomy":"category","embeddable":true,"href":"https:\/\/livre.philhotherapie.com\/rest_api\/wp\/v2\/categories?post=1496"},{"taxonomy":"post_tag","embeddable":true,"href":"https:\/\/livre.philhotherapie.com\/rest_api\/wp\/v2\/tags?post=1496"}],"curies":[{"name":"wp","href":"https:\/\/api.w.org\/{rel}","templated":true}]}}