{"id":1431,"date":"2018-09-10T16:06:37","date_gmt":"2018-09-10T14:06:37","guid":{"rendered":"https:\/\/livre.philhotherapie.com\/?p=1431"},"modified":"2018-09-10T16:06:37","modified_gmt":"2018-09-10T14:06:37","slug":"semaine-de-retraite-22-29-septembre-2018-tessin","status":"publish","type":"post","link":"https:\/\/livre.philhotherapie.com\/semaine-de-retraite-22-29-septembre-2018-tessin\/","title":{"rendered":"Semaine de retraite du 22 au 29 septembre 2018 au Tessin"},"content":{"rendered":"<p>Nous vous proposons une semaine au Tessin en Suisse.<\/p>\n<p>En notre compagnie \u00ab Monica et Philippe \u00bb dans le cadre de la PhilhoTh\u00e9rapie<\/p>\n<p>Dans le petit village typique Tessinois d\u2019Aranno, dans les hauteurs proche de Lugano pour vous d\u00e9tendre, rel\u00e2cher les tensions, vous accorder un instant pour vous. Une semaine de m\u00e9ditation, de relaxation, de ressourcement, de bien-\u00eatre, avec divers ateliers :<\/p>\n<p>&#8211; M\u00e9ditation<br \/>\n&#8211; Yoga<br \/>\n&#8211; Pil\u00e2tes<br \/>\n&#8211; Les balades en nature pour se ressourcer<br \/>\n&#8211; Initiations au Reiki niveau 1 et 2<br \/>\n&#8211; l\u2019utilisation d\u2019un pendule<br \/>\n&#8211; le Tarot de Osho, les cartes des anges<\/p>\n<p>Nous vous accompagnons dans toutes ces pratiques.<br \/>\nPartage, Bienveillance et Plaisir sont les valeurs qui animent nos s\u00e9jours.<\/p>\n<p>Pour en savoir plus ou nous contacter: <a href=\"https:\/\/l.facebook.com\/l.php?u=https%3A%2F%2Flivre.philhotherapie.com%2F&amp;h=AT0DNzKqDed37pVZidPNw7slPn0jRAwkzra0-s78OdUGL5OjhNsazdL94eaNS7Y3-gQM-UYit04tyoIQGcHnULCN4cs_36v9mS3Oq8jahdDIX2mhi4jEHBEhy3XVyjCr4wWbOzCr_ssoeKQJxyIrciaNys8VwSQ3A3yX7MvycErLqM1owjCTLAwgacfBPQTe0GSsvQ62XvcSXaif7SOyTynw2v_9Em73jnJTnStB30Rnxpxd_G61En5ceviTi3WsyG7GjQ9CtlSJhI1_W7eWL_Vs3vGLTnz2n8azFJqFH3IuAxTCvAuTGuOehuqOrMEr5hNPYCCAujJ-b2JhXdWhF4xYjqDKcQtMa4QowBydlJUMbR0-M2kyHA4Hl4uMWNuWluo_93scLO07-fo9V_ZsUo3BHtHQ\" target=\"_blank\" rel=\"nofollow noopener\" data-ft=\"{&quot;tn&quot;:&quot;-U&quot;}\" data-lynx-mode=\"hover\">www.philhotherapie.com<\/a><br \/>\nT\u00e9l : 079 668 28 52<br \/>\nPrix : 700.- CHF tout compris sauf le transport.<\/p>\n<p>Retraite spirituelle<br \/>\nLes retraites &amp; pratiques sont des moments privil\u00e9gi\u00e9s pour vivre pleinement l&rsquo;exp\u00e9rience spirituelle. Loin des soucis du quotidien, ce stage ou retraite spirituelle en r\u00e9sidence de quelques jours permet d&rsquo;acc\u00e9der \u00e0 une pratique intensive pour rafraichir le corps et l&rsquo;esprit, consolider son canal et faire un important travail d&rsquo;auto-gu\u00e9rison.<br \/>\nAu programme, initiation Reiki I et II, des moments de repos, de d\u00e9tente ou de ballades, des partage et des discussions en soir\u00e9e. Tous les ingr\u00e9dients pour une retraite spirituelle r\u00e9ussie.<\/p>\n<p>Aspects pratiques<\/p>\n<p>Lieu<br \/>\nDans un petit village typique du Tessin \u00e0 \u00ab ARANNO \u00bb (pr\u00e8s de Lugano, Suisse) dans une maison Tessinoise \u00e0 3h45 de voiture de Neuch\u00e2tel.<br \/>\nDes co-voiturages peuvent-\u00eatre organis\u00e9s selon les possibilit\u00e9s offertes.<\/p>\n<p>H\u00e9bergement et repas inclus dans le prix en chambres doubles. Possibilit\u00e9 d\u2019une chambre individuelle suivant les disponibilit\u00e9s.<\/p>\n<p>Date<br \/>\nDu samedi 22 au samedi 29 septembre 2018.<br \/>\nArriv\u00e9e pour le repas de midi avant 13h, le premier jour.<br \/>\nD\u00e9part \u00e0 14h00 le dernier jour.<\/p>\n<p>Repas<br \/>\nEn pension compl\u00e8te. Merci de mentionner au moment de l&rsquo;inscription toute demande de r\u00e9gime alimentaire particulier (voir menu de la semaine).<\/p>\n<p>D\u00e9roulement de la semaine \/ Planning<\/p>\n<p>Samedi 22 : Arriv\u00e9e \u2013 Accueil entre 14 et 17h Prise des lieux et r\u00e9partition des chambres pour les couples ou personnes seules \u2013 18h Ap\u00e9ro de bienvenue \u2013 Repas \u00e0 19h30 \u2013 Soir\u00e9e discutions&#8230;<\/p>\n<p>Dimanche 23 : 7h30 (marche m\u00e9ditative + Ta\u00efchi et \u00e9veil de conscience) dur\u00e9e 10 \u00e0 15 minutes. Pdj 8h30 \u00e0 9h30 \u2013 Gym douce et Yoga \u00e0 10h \u2013 Petite m\u00e9ditation guid\u00e9e entre 11h \u00e0 11h30. Lunch ou pique-nique \u00e0 12h. Th\u00e9, caf\u00e9 et repos\u2026 De 14h \u00e0 16h Balade et d\u00e9couverte du petit village d\u2019Aranno et de ses environs. 17h Ateliers (Reiki, pendule, lecture et carte divinatoire, Tarot, M\u00e9diumnit\u00e9, Eveil). 19h30 Repas du soir (participation aux pr\u00e9paratifs vous serez mis \u00e0 contribution dans la joie et la bonne humeur). Soir\u00e9e libre, discutions, \u00e9change ou jeux\u2026<\/p>\n<p>Lundi 24 : 7h30 (marche m\u00e9ditative + Ta\u00efchi et \u00e9veil de conscience) dur\u00e9e 10 \u00e0 15 minutes. Pdj 8h30 \u00e0 9h30 \u2013 Gym douce et Yoga \u00e0 10h \u2013 D\u00e9part pour une belle balade vers la cascade retour vers 16h pique-nique \u00e0 12h. Ateliers vers 17h30 (Reiki, pendule, lecture et carte divinatoire, Tarot, M\u00e9diumnit\u00e9, Eveil). 19h30 Repas du soir (participation aux pr\u00e9paratifs vous serez mis \u00e0 contribution dans la joie et la bonne humeur). Soir\u00e9e libre, discutions, \u00e9change ou jeux\u2026<\/p>\n<p>Mardi 25 : 7h30 (marche m\u00e9ditative + Ta\u00efchi et \u00e9veil de conscience) dur\u00e9e 10 \u00e0 15 minutes. Pdj 8h30 \u00e0 9h30 \u2013 Gym douce et Yoga \u00e0 10h \u2013 Petite m\u00e9ditation guid\u00e9e entre 11h \u00e0 11h30. Lunch ou pique-nique \u00e0 12h. Th\u00e9, caf\u00e9 et repos\u2026 De 14h \u00e0 16h Un cours de Yoga ou Pil\u00e2tes. 17h Atelier (Reiki, pendule, lecture et carte divinatoire, Tarot, M\u00e9diumnit\u00e9, Eveil). 19h30 Repas du soir (participation aux pr\u00e9paratifs vous serez mis \u00e0 contribution dans la joie et la bonne humeur). Soir\u00e9e libre, discutions, \u00e9change ou jeux\u2026<\/p>\n<p>Mercredi 26 : 7h30 (marche m\u00e9ditative + Ta\u00efchi et \u00e9veil de conscience) dur\u00e9e 10 \u00e0 15 minutes. Pdj 8h30 \u00e0 9h30 \u2013 Gym douce et Yoga \u00e0 10h \u2013 D\u00e9part pour la balade vers l\u2019\u00e9glise et le chemin de bouddha retour vers 16h pique-nique \u00e0 12h. Ateliers vers 17h30 (Reiki, pendule, lecture et carte divinatoire, Tarot, M\u00e9diumnit\u00e9, Eveil). 19h30 Repas du soir (participation aux pr\u00e9paratifs vous serez mis \u00e0 contribution dans la joie et la bonne humeur). Soir\u00e9e libre, discutions, \u00e9change ou jeux\u2026<\/p>\n<p>Jeudi 27 : 7h30 (marche m\u00e9ditative + Ta\u00efchi et \u00e9veil de conscience) dur\u00e9e 10 \u00e0 15 minutes. Pdj 8h30 \u00e0 9h30 \u2013 Gym douce et Yoga \u00e0 10h \u2013 Petite m\u00e9ditation guid\u00e9e entre 11h \u00e0 11h30. Lunch ou pique-nique \u00e0 12h. Th\u00e9, caf\u00e9 et repos\u2026 De 14h \u00e0 16h Un cours de Yoga ou Pil\u00e2tes. 17h Atelier (Reiki, pendule, lecture et carte divinatoire, Tarot, M\u00e9diumnit\u00e9, Eveil). 19h30 Repas du soir (participation aux pr\u00e9paratifs vous serez mis \u00e0 contribution dans la joie et la bonne humeur). Soir\u00e9e libre, discutions, \u00e9change ou jeux\u2026<\/p>\n<p>Vendredi 28 : 7h30 (marche m\u00e9ditative + Ta\u00efchi et \u00e9veil de conscience) dur\u00e9e 10 \u00e0 15 minutes. Pdj 8h30 \u00e0 9h30 \u2013 Gym douce et Yoga \u00e0 10h \u2013 D\u00e9part pour une balade et d\u00e9couverte de la r\u00e9gion en fonction de nos d\u00e9sirs retour vers 16h pique-nique \u00e0 12h. Ateliers vers 17h30 (Reiki, pendule, lecture et carte divinatoire, Tarot, M\u00e9diumnit\u00e9, Eveil). 19h30 Repas du soir (participation aux pr\u00e9paratifs vous serez mis \u00e0 contribution dans la joie et la bonne humeur). Soir\u00e9e libre, discutions, \u00e9change ou jeux\u2026<\/p>\n<p>Samedi 29 : 7h30 (marche m\u00e9ditative + Ta\u00efchi et \u00e9veil de conscience) dur\u00e9e 10 \u00e0 15 minutes. Pdj 8h30 \u00e0 9h30, Rangement et nettoyage, pique-nique \u00e0 emporter pour le retour et d\u00e9part vers 11h-12h.<\/p>\n<p>PS : Nous nous r\u00e9servons le droit de changer \u00e0 tout moment l\u2019organisation de ce planning en fonction de la m\u00e9t\u00e9o pour les balades ou des raisons techniques. Mais aussi nous serons \u00e0 l\u2019\u00e9coute de vos besoins et de vos d\u00e9sirs pour que ce s\u00e9jour vous soit le plus agr\u00e9able dans la mesure du possible et en concertation avec le groupe.<\/p>\n<p>Menu repas du soir de la semaine<\/p>\n<p>Samedi 22 : Salades &#8211; P\u00e2tes, taboulet, l\u00e9gumes crues, \u0153ufs et jambon- Fromages et fruits.<\/p>\n<p>Dimanche 23 : Salade verte &#8211; Gratin ou polenta &#8211; Mousse au chocolat.<\/p>\n<p>Lundi 24 : Salade m\u00eal\u00e9e &#8211; P\u00e2tes aux 3 sauces \u00e0 choix &#8211; Tarte aux fruits.<\/p>\n<p>Mardi 25 : Salade verte &#8211; Pdt et fromage &#8211; Salade de fruits.<\/p>\n<p>Mercredi 26 : Rouleaux de printemps \u2013 Poulet au Curry et l\u00e9gumes \u2013 Fruits exotiques.<\/p>\n<p>Jeudi 27 : Salade Verte \u2013 Flammenkuche maison \u2013 Fromages, glaces ou fruits.<\/p>\n<p>Vendredi 28 : Pizza maison aux l\u00e9gumes \u2013 Dessert surprise.<\/p>\n<p>Samedi 29 : Pdj 8h30 \u00e0 9h30, pique-nique \u00e0 emporter pour le retour et d\u00e9part vers 11h-12h.<\/p>\n<p>PS : Si vous avez des remarques, des choses que vous ne pouvez pas manger, merci de nous le faire savoir. Nous trouverons toujours une solution!&#8230; Nous ne sommes pas tr\u00e8s boissons alcoolis\u00e9es, nous aurons quelques vins \u00e0 vous proposer, mais si vous aimez bien arroser vos repas ou vos fins de soir\u00e9es (mod\u00e9r\u00e9ment) nous vous invitons \u00e0 nous apporter quelques bouteilles de votre choix.<\/p>\n<p>Monica et philippe vous remercie de votre pr\u00e9sence pour ce beau s\u00e9jour au Tessin.<\/p>\n<p>Namast\u00e9<\/p>\n","protected":false},"excerpt":{"rendered":"<p>Nous vous proposons une semaine au Tessin en Suisse. En notre compagnie \u00ab Monica et Philippe \u00bb dans le cadre de la PhilhoTh\u00e9rapie Dans le petit village typique Tessinois d\u2019Aranno, dans les hauteurs proche de Lugano pour vous d\u00e9tendre, rel\u00e2cher les tensions, vous accorder un instant pour vous. Une semaine de m\u00e9ditation, de relaxation, de &hellip; <a href=\"https:\/\/livre.philhotherapie.com\/semaine-de-retraite-22-29-septembre-2018-tessin\/\" class=\"more-link\">Continuer la lecture<span class=\"screen-reader-text\"> de &laquo;&nbsp;Semaine de retraite du 22 au 29 septembre 2018 au Tessin&nbsp;&raquo;<\/span><\/a><\/p>\n","protected":false},"author":15,"featured_media":1432,"comment_status":"open","ping_status":"closed","sticky":false,"template":"","format":"standard","meta":{"inline_featured_image":false},"categories":[22,24],"tags":[],"yoast_head":"<!-- This site is optimized with the Yoast SEO plugin v19.1 - https:\/\/yoast.com\/wordpress\/plugins\/seo\/ -->\n<title>Semaine de retraite du 22 au 29 septembre 2018 au Tessin - Philhoth\u00e9rapie<\/title>\n<meta name=\"robots\" content=\"index, follow, max-snippet:-1, max-image-preview:large, max-video-preview:-1\" \/>\n<link rel=\"canonical\" href=\"https:\/\/livre.philhotherapie.com\/semaine-de-retraite-22-29-septembre-2018-tessin\/\" \/>\n<meta property=\"og:locale\" content=\"fr_FR\" \/>\n<meta property=\"og:type\" content=\"article\" \/>\n<meta property=\"og:title\" content=\"Semaine de retraite du 22 au 29 septembre 2018 au Tessin - Philhoth\u00e9rapie\" \/>\n<meta property=\"og:description\" content=\"Nous vous proposons une semaine au Tessin en Suisse. En notre compagnie \u00ab Monica et Philippe \u00bb dans le cadre de la PhilhoTh\u00e9rapie Dans le petit village typique Tessinois d\u2019Aranno, dans les hauteurs proche de Lugano pour vous d\u00e9tendre, rel\u00e2cher les tensions, vous accorder un instant pour vous. Une semaine de m\u00e9ditation, de relaxation, de &hellip; Continuer la lecture de &laquo;&nbsp;Semaine de retraite du 22 au 29 septembre 2018 au Tessin&nbsp;&raquo;\" \/>\n<meta property=\"og:url\" content=\"https:\/\/livre.philhotherapie.com\/semaine-de-retraite-22-29-septembre-2018-tessin\/\" \/>\n<meta property=\"og:site_name\" content=\"Philhoth\u00e9rapie\" \/>\n<meta property=\"article:published_time\" content=\"2018-09-10T14:06:37+00:00\" \/>\n<meta property=\"og:image\" content=\"https:\/\/livre.philhotherapie.com\/incl\/uploads\/2018\/09\/08_lavertezzo_church_village_and_bridge_riale_carecchio.jpg\" \/>\n\t<meta property=\"og:image:width\" content=\"900\" \/>\n\t<meta property=\"og:image:height\" content=\"598\" \/>\n\t<meta property=\"og:image:type\" content=\"image\/jpeg\" \/>\n<meta name=\"twitter:card\" content=\"summary\" \/>\n<meta name=\"twitter:label1\" content=\"\u00c9crit par\" \/>\n\t<meta name=\"twitter:data1\" content=\"Philippe Hoebeke\" \/>\n\t<meta name=\"twitter:label2\" content=\"Dur\u00e9e de lecture estim\u00e9e\" \/>\n\t<meta name=\"twitter:data2\" content=\"6 minutes\" \/>\n<script type=\"application\/ld+json\" class=\"yoast-schema-graph\">{\"@context\":\"https:\/\/schema.org\",\"@graph\":[{\"@type\":\"WebSite\",\"@id\":\"https:\/\/livre.philhotherapie.com\/#website\",\"url\":\"https:\/\/livre.philhotherapie.com\/\",\"name\":\"Philhoth\u00e9rapie\",\"description\":\"\",\"potentialAction\":[{\"@type\":\"SearchAction\",\"target\":{\"@type\":\"EntryPoint\",\"urlTemplate\":\"https:\/\/livre.philhotherapie.com\/?s={search_term_string}\"},\"query-input\":\"required name=search_term_string\"}],\"inLanguage\":\"fr-FR\"},{\"@type\":\"ImageObject\",\"inLanguage\":\"fr-FR\",\"@id\":\"https:\/\/livre.philhotherapie.com\/semaine-de-retraite-22-29-septembre-2018-tessin\/#primaryimage\",\"url\":\"https:\/\/livre.philhotherapie.com\/incl\/uploads\/2018\/09\/08_lavertezzo_church_village_and_bridge_riale_carecchio.jpg\",\"contentUrl\":\"https:\/\/livre.philhotherapie.com\/incl\/uploads\/2018\/09\/08_lavertezzo_church_village_and_bridge_riale_carecchio.jpg\",\"width\":900,\"height\":598,\"caption\":\"Lavertezzo (Village, Church and Bridge); Riale Carecchio\"},{\"@type\":\"WebPage\",\"@id\":\"https:\/\/livre.philhotherapie.com\/semaine-de-retraite-22-29-septembre-2018-tessin\/#webpage\",\"url\":\"https:\/\/livre.philhotherapie.com\/semaine-de-retraite-22-29-septembre-2018-tessin\/\",\"name\":\"Semaine de retraite du 22 au 29 septembre 2018 au Tessin - Philhoth\u00e9rapie\",\"isPartOf\":{\"@id\":\"https:\/\/livre.philhotherapie.com\/#website\"},\"primaryImageOfPage\":{\"@id\":\"https:\/\/livre.philhotherapie.com\/semaine-de-retraite-22-29-septembre-2018-tessin\/#primaryimage\"},\"datePublished\":\"2018-09-10T14:06:37+00:00\",\"dateModified\":\"2018-09-10T14:06:37+00:00\",\"author\":{\"@id\":\"https:\/\/livre.philhotherapie.com\/#\/schema\/person\/eaa154ff51229fbd2d001910c04498db\"},\"breadcrumb\":{\"@id\":\"https:\/\/livre.philhotherapie.com\/semaine-de-retraite-22-29-septembre-2018-tessin\/#breadcrumb\"},\"inLanguage\":\"fr-FR\",\"potentialAction\":[{\"@type\":\"ReadAction\",\"target\":[\"https:\/\/livre.philhotherapie.com\/semaine-de-retraite-22-29-septembre-2018-tessin\/\"]}]},{\"@type\":\"BreadcrumbList\",\"@id\":\"https:\/\/livre.philhotherapie.com\/semaine-de-retraite-22-29-septembre-2018-tessin\/#breadcrumb\",\"itemListElement\":[{\"@type\":\"ListItem\",\"position\":1,\"name\":\"Accueil\",\"item\":\"https:\/\/livre.philhotherapie.com\/\"},{\"@type\":\"ListItem\",\"position\":2,\"name\":\"Semaine de retraite du 22 au 29 septembre 2018 au Tessin\"}]},{\"@type\":\"Person\",\"@id\":\"https:\/\/livre.philhotherapie.com\/#\/schema\/person\/eaa154ff51229fbd2d001910c04498db\",\"name\":\"Philippe Hoebeke\",\"image\":{\"@type\":\"ImageObject\",\"inLanguage\":\"fr-FR\",\"@id\":\"https:\/\/livre.philhotherapie.com\/#\/schema\/person\/image\/\",\"url\":\"https:\/\/livre.philhotherapie.com\/incl\/uploads\/2021\/09\/avatar_user_15_1632473870-96x96.jpg\",\"contentUrl\":\"https:\/\/livre.philhotherapie.com\/incl\/uploads\/2021\/09\/avatar_user_15_1632473870-96x96.jpg\",\"caption\":\"Philippe Hoebeke\"},\"url\":\"https:\/\/livre.philhotherapie.com\/profile\/philho63gmail-com\/\"}]}<\/script>\n<!-- \/ Yoast SEO plugin. -->","yoast_head_json":{"title":"Semaine de retraite du 22 au 29 septembre 2018 au Tessin - Philhoth\u00e9rapie","robots":{"index":"index","follow":"follow","max-snippet":"max-snippet:-1","max-image-preview":"max-image-preview:large","max-video-preview":"max-video-preview:-1"},"canonical":"https:\/\/livre.philhotherapie.com\/semaine-de-retraite-22-29-septembre-2018-tessin\/","og_locale":"fr_FR","og_type":"article","og_title":"Semaine de retraite du 22 au 29 septembre 2018 au Tessin - Philhoth\u00e9rapie","og_description":"Nous vous proposons une semaine au Tessin en Suisse. En notre compagnie \u00ab Monica et Philippe \u00bb dans le cadre de la PhilhoTh\u00e9rapie Dans le petit village typique Tessinois d\u2019Aranno, dans les hauteurs proche de Lugano pour vous d\u00e9tendre, rel\u00e2cher les tensions, vous accorder un instant pour vous. Une semaine de m\u00e9ditation, de relaxation, de &hellip; Continuer la lecture de &laquo;&nbsp;Semaine de retraite du 22 au 29 septembre 2018 au Tessin&nbsp;&raquo;","og_url":"https:\/\/livre.philhotherapie.com\/semaine-de-retraite-22-29-septembre-2018-tessin\/","og_site_name":"Philhoth\u00e9rapie","article_published_time":"2018-09-10T14:06:37+00:00","og_image":[{"width":900,"height":598,"url":"https:\/\/livre.philhotherapie.com\/incl\/uploads\/2018\/09\/08_lavertezzo_church_village_and_bridge_riale_carecchio.jpg","type":"image\/jpeg"}],"twitter_card":"summary","twitter_misc":{"\u00c9crit par":"Philippe Hoebeke","Dur\u00e9e de lecture estim\u00e9e":"6 minutes"},"schema":{"@context":"https:\/\/schema.org","@graph":[{"@type":"WebSite","@id":"https:\/\/livre.philhotherapie.com\/#website","url":"https:\/\/livre.philhotherapie.com\/","name":"Philhoth\u00e9rapie","description":"","potentialAction":[{"@type":"SearchAction","target":{"@type":"EntryPoint","urlTemplate":"https:\/\/livre.philhotherapie.com\/?s={search_term_string}"},"query-input":"required name=search_term_string"}],"inLanguage":"fr-FR"},{"@type":"ImageObject","inLanguage":"fr-FR","@id":"https:\/\/livre.philhotherapie.com\/semaine-de-retraite-22-29-septembre-2018-tessin\/#primaryimage","url":"https:\/\/livre.philhotherapie.com\/incl\/uploads\/2018\/09\/08_lavertezzo_church_village_and_bridge_riale_carecchio.jpg","contentUrl":"https:\/\/livre.philhotherapie.com\/incl\/uploads\/2018\/09\/08_lavertezzo_church_village_and_bridge_riale_carecchio.jpg","width":900,"height":598,"caption":"Lavertezzo (Village, Church and Bridge); Riale Carecchio"},{"@type":"WebPage","@id":"https:\/\/livre.philhotherapie.com\/semaine-de-retraite-22-29-septembre-2018-tessin\/#webpage","url":"https:\/\/livre.philhotherapie.com\/semaine-de-retraite-22-29-septembre-2018-tessin\/","name":"Semaine de retraite du 22 au 29 septembre 2018 au Tessin - Philhoth\u00e9rapie","isPartOf":{"@id":"https:\/\/livre.philhotherapie.com\/#website"},"primaryImageOfPage":{"@id":"https:\/\/livre.philhotherapie.com\/semaine-de-retraite-22-29-septembre-2018-tessin\/#primaryimage"},"datePublished":"2018-09-10T14:06:37+00:00","dateModified":"2018-09-10T14:06:37+00:00","author":{"@id":"https:\/\/livre.philhotherapie.com\/#\/schema\/person\/eaa154ff51229fbd2d001910c04498db"},"breadcrumb":{"@id":"https:\/\/livre.philhotherapie.com\/semaine-de-retraite-22-29-septembre-2018-tessin\/#breadcrumb"},"inLanguage":"fr-FR","potentialAction":[{"@type":"ReadAction","target":["https:\/\/livre.philhotherapie.com\/semaine-de-retraite-22-29-septembre-2018-tessin\/"]}]},{"@type":"BreadcrumbList","@id":"https:\/\/livre.philhotherapie.com\/semaine-de-retraite-22-29-septembre-2018-tessin\/#breadcrumb","itemListElement":[{"@type":"ListItem","position":1,"name":"Accueil","item":"https:\/\/livre.philhotherapie.com\/"},{"@type":"ListItem","position":2,"name":"Semaine de retraite du 22 au 29 septembre 2018 au Tessin"}]},{"@type":"Person","@id":"https:\/\/livre.philhotherapie.com\/#\/schema\/person\/eaa154ff51229fbd2d001910c04498db","name":"Philippe Hoebeke","image":{"@type":"ImageObject","inLanguage":"fr-FR","@id":"https:\/\/livre.philhotherapie.com\/#\/schema\/person\/image\/","url":"https:\/\/livre.philhotherapie.com\/incl\/uploads\/2021\/09\/avatar_user_15_1632473870-96x96.jpg","contentUrl":"https:\/\/livre.philhotherapie.com\/incl\/uploads\/2021\/09\/avatar_user_15_1632473870-96x96.jpg","caption":"Philippe Hoebeke"},"url":"https:\/\/livre.philhotherapie.com\/profile\/philho63gmail-com\/"}]}},"acf":[],"_links":{"self":[{"href":"https:\/\/livre.philhotherapie.com\/rest_api\/wp\/v2\/posts\/1431"}],"collection":[{"href":"https:\/\/livre.philhotherapie.com\/rest_api\/wp\/v2\/posts"}],"about":[{"href":"https:\/\/livre.philhotherapie.com\/rest_api\/wp\/v2\/types\/post"}],"author":[{"embeddable":true,"href":"https:\/\/livre.philhotherapie.com\/rest_api\/wp\/v2\/users\/15"}],"replies":[{"embeddable":true,"href":"https:\/\/livre.philhotherapie.com\/rest_api\/wp\/v2\/comments?post=1431"}],"version-history":[{"count":1,"href":"https:\/\/livre.philhotherapie.com\/rest_api\/wp\/v2\/posts\/1431\/revisions"}],"predecessor-version":[{"id":1433,"href":"https:\/\/livre.philhotherapie.com\/rest_api\/wp\/v2\/posts\/1431\/revisions\/1433"}],"wp:featuredmedia":[{"embeddable":true,"href":"https:\/\/livre.philhotherapie.com\/rest_api\/wp\/v2\/media\/1432"}],"wp:attachment":[{"href":"https:\/\/livre.philhotherapie.com\/rest_api\/wp\/v2\/media?parent=1431"}],"wp:term":[{"taxonomy":"category","embeddable":true,"href":"https:\/\/livre.philhotherapie.com\/rest_api\/wp\/v2\/categories?post=1431"},{"taxonomy":"post_tag","embeddable":true,"href":"https:\/\/livre.philhotherapie.com\/rest_api\/wp\/v2\/tags?post=1431"}],"curies":[{"name":"wp","href":"https:\/\/api.w.org\/{rel}","templated":true}]}}