{"id":1363,"date":"2018-05-16T14:46:54","date_gmt":"2018-05-16T12:46:54","guid":{"rendered":"https:\/\/livre.philhotherapie.com\/?p=1363"},"modified":"2018-05-16T14:46:54","modified_gmt":"2018-05-16T12:46:54","slug":"vacances-a-noel","status":"publish","type":"post","link":"https:\/\/livre.philhotherapie.com\/vacances-a-noel\/","title":{"rendered":"Les vacances \u00e0 No\u00ebl"},"content":{"rendered":"<p>Nous sommes une semaine avant No\u00ebl et le P\u00e8re No\u00ebl se pr\u00e9pare fi\u00e9vreusement pour la distribution des cadeaux pendant que la M\u00e8re No\u00ebl ne cesse de le harceler pour aller passer une semaine dans le sud. N\u2019en pouvant plus, le P\u00e8re No\u00ebl lui tend un billet d\u2019avion et lui dit:<\/p>\n<p>&#8211; \u00c9coute, je n\u2019ai pas le temps d\u2019aller dans le sud. Voici un billet d\u2019avion et vas-y sans moi.<\/p>\n<p>La M\u00e8re No\u00ebl s\u2019embarque donc seule pour le sud. En d\u00e9barquant en Martinique, elle tombe sur un beau grand noir bien muscl\u00e9 qui se propose de lui servir d\u2019escorte. Le soir venu, le bel Adonis noir lui propose de la reconduire \u00e0 sa chambre et ce qui devait arriver arriva. En le d\u00e9shabillant, M\u00e8re No\u00ebl constate que l\u2019adonis est aussi un bel \u00e9talon qui affiche ses 20 centim\u00e8tres bien compt\u00e9s. Elle passe donc la semaine au complet avec lui.<\/p>\n<p>Au moment de reprendre la route du P\u00f4le Nord, elle lui demande:<br \/>\n&#8211; Nous avons pass\u00e9 la semaine ensemble mais je ne connais m\u00eame pas ton nom.<\/p>\n<p>&#8211; Vous allez rire, surtout vous la M\u00e8re No\u00ebl, car bien que je sois noir comme l\u2019\u00e9b\u00e8ne, on m\u2019appelle \u00abNeige\u00bb.<\/p>\n<p>La M\u00e8re No\u00ebl reprend donc l\u2019avion et rentre au foyer alors que le P\u00e8re No\u00ebl se pr\u00e9pare \u00e0 faire sa grande tourn\u00e9e. Il lui demande alors:<\/p>\n<p>&#8211; Alors, ces vacances au soleil, comment cela s\u2019est-il pass\u00e9 ?<\/p>\n<p>&#8211; Ah, ne m\u2019en parle pas. Tu as bien fait de ne pas venir car on a eu 20 centim\u00e8tres de Neige tous les soirs.<\/p>\n<hr \/>\n","protected":false},"excerpt":{"rendered":"<p>Nous sommes une semaine avant No\u00ebl et le P\u00e8re No\u00ebl se pr\u00e9pare fi\u00e9vreusement pour la distribution des cadeaux pendant que la M\u00e8re No\u00ebl ne cesse de le harceler pour aller passer une semaine dans le sud. N\u2019en pouvant plus, le P\u00e8re No\u00ebl lui tend un billet d\u2019avion et lui dit: &#8211; \u00c9coute, je n\u2019ai pas &hellip; <a href=\"https:\/\/livre.philhotherapie.com\/vacances-a-noel\/\" class=\"more-link\">Continuer la lecture<span class=\"screen-reader-text\"> de &laquo;&nbsp;Les vacances \u00e0 No\u00ebl&nbsp;&raquo;<\/span><\/a><\/p>\n","protected":false},"author":15,"featured_media":1364,"comment_status":"open","ping_status":"closed","sticky":false,"template":"","format":"standard","meta":{"inline_featured_image":false},"categories":[26],"tags":[],"yoast_head":"<!-- This site is optimized with the Yoast SEO plugin v19.1 - https:\/\/yoast.com\/wordpress\/plugins\/seo\/ -->\n<title>Les vacances \u00e0 No\u00ebl - Philhoth\u00e9rapie<\/title>\n<meta name=\"robots\" content=\"index, follow, max-snippet:-1, max-image-preview:large, max-video-preview:-1\" \/>\n<link rel=\"canonical\" href=\"https:\/\/livre.philhotherapie.com\/vacances-a-noel\/\" \/>\n<meta property=\"og:locale\" content=\"fr_FR\" \/>\n<meta property=\"og:type\" content=\"article\" \/>\n<meta property=\"og:title\" content=\"Les vacances \u00e0 No\u00ebl - Philhoth\u00e9rapie\" \/>\n<meta property=\"og:description\" content=\"Nous sommes une semaine avant No\u00ebl et le P\u00e8re No\u00ebl se pr\u00e9pare fi\u00e9vreusement pour la distribution des cadeaux pendant que la M\u00e8re No\u00ebl ne cesse de le harceler pour aller passer une semaine dans le sud. N\u2019en pouvant plus, le P\u00e8re No\u00ebl lui tend un billet d\u2019avion et lui dit: &#8211; \u00c9coute, je n\u2019ai pas &hellip; Continuer la lecture de &laquo;&nbsp;Les vacances \u00e0 No\u00ebl&nbsp;&raquo;\" \/>\n<meta property=\"og:url\" content=\"https:\/\/livre.philhotherapie.com\/vacances-a-noel\/\" \/>\n<meta property=\"og:site_name\" content=\"Philhoth\u00e9rapie\" \/>\n<meta property=\"article:published_time\" content=\"2018-05-16T12:46:54+00:00\" \/>\n<meta property=\"og:image\" content=\"https:\/\/livre.philhotherapie.com\/incl\/uploads\/2018\/05\/imgHQ14054.jpg\" \/>\n\t<meta property=\"og:image:width\" content=\"600\" \/>\n\t<meta property=\"og:image:height\" content=\"630\" \/>\n\t<meta property=\"og:image:type\" content=\"image\/jpeg\" \/>\n<meta name=\"twitter:card\" content=\"summary\" \/>\n<meta name=\"twitter:label1\" content=\"\u00c9crit par\" \/>\n\t<meta name=\"twitter:data1\" content=\"Philippe Hoebeke\" \/>\n\t<meta name=\"twitter:label2\" content=\"Dur\u00e9e de lecture estim\u00e9e\" \/>\n\t<meta name=\"twitter:data2\" content=\"1 minute\" \/>\n<script type=\"application\/ld+json\" class=\"yoast-schema-graph\">{\"@context\":\"https:\/\/schema.org\",\"@graph\":[{\"@type\":\"WebSite\",\"@id\":\"https:\/\/livre.philhotherapie.com\/#website\",\"url\":\"https:\/\/livre.philhotherapie.com\/\",\"name\":\"Philhoth\u00e9rapie\",\"description\":\"\",\"potentialAction\":[{\"@type\":\"SearchAction\",\"target\":{\"@type\":\"EntryPoint\",\"urlTemplate\":\"https:\/\/livre.philhotherapie.com\/?s={search_term_string}\"},\"query-input\":\"required name=search_term_string\"}],\"inLanguage\":\"fr-FR\"},{\"@type\":\"ImageObject\",\"inLanguage\":\"fr-FR\",\"@id\":\"https:\/\/livre.philhotherapie.com\/vacances-a-noel\/#primaryimage\",\"url\":\"https:\/\/livre.philhotherapie.com\/incl\/uploads\/2018\/05\/imgHQ14054.jpg\",\"contentUrl\":\"https:\/\/livre.philhotherapie.com\/incl\/uploads\/2018\/05\/imgHQ14054.jpg\",\"width\":600,\"height\":630},{\"@type\":\"WebPage\",\"@id\":\"https:\/\/livre.philhotherapie.com\/vacances-a-noel\/#webpage\",\"url\":\"https:\/\/livre.philhotherapie.com\/vacances-a-noel\/\",\"name\":\"Les vacances \u00e0 No\u00ebl - Philhoth\u00e9rapie\",\"isPartOf\":{\"@id\":\"https:\/\/livre.philhotherapie.com\/#website\"},\"primaryImageOfPage\":{\"@id\":\"https:\/\/livre.philhotherapie.com\/vacances-a-noel\/#primaryimage\"},\"datePublished\":\"2018-05-16T12:46:54+00:00\",\"dateModified\":\"2018-05-16T12:46:54+00:00\",\"author\":{\"@id\":\"https:\/\/livre.philhotherapie.com\/#\/schema\/person\/eaa154ff51229fbd2d001910c04498db\"},\"breadcrumb\":{\"@id\":\"https:\/\/livre.philhotherapie.com\/vacances-a-noel\/#breadcrumb\"},\"inLanguage\":\"fr-FR\",\"potentialAction\":[{\"@type\":\"ReadAction\",\"target\":[\"https:\/\/livre.philhotherapie.com\/vacances-a-noel\/\"]}]},{\"@type\":\"BreadcrumbList\",\"@id\":\"https:\/\/livre.philhotherapie.com\/vacances-a-noel\/#breadcrumb\",\"itemListElement\":[{\"@type\":\"ListItem\",\"position\":1,\"name\":\"Accueil\",\"item\":\"https:\/\/livre.philhotherapie.com\/\"},{\"@type\":\"ListItem\",\"position\":2,\"name\":\"Les vacances \u00e0 No\u00ebl\"}]},{\"@type\":\"Person\",\"@id\":\"https:\/\/livre.philhotherapie.com\/#\/schema\/person\/eaa154ff51229fbd2d001910c04498db\",\"name\":\"Philippe Hoebeke\",\"image\":{\"@type\":\"ImageObject\",\"inLanguage\":\"fr-FR\",\"@id\":\"https:\/\/livre.philhotherapie.com\/#\/schema\/person\/image\/\",\"url\":\"https:\/\/livre.philhotherapie.com\/incl\/uploads\/2021\/09\/avatar_user_15_1632473870-96x96.jpg\",\"contentUrl\":\"https:\/\/livre.philhotherapie.com\/incl\/uploads\/2021\/09\/avatar_user_15_1632473870-96x96.jpg\",\"caption\":\"Philippe Hoebeke\"},\"url\":\"https:\/\/livre.philhotherapie.com\/profile\/philho63gmail-com\/\"}]}<\/script>\n<!-- \/ Yoast SEO plugin. -->","yoast_head_json":{"title":"Les vacances \u00e0 No\u00ebl - Philhoth\u00e9rapie","robots":{"index":"index","follow":"follow","max-snippet":"max-snippet:-1","max-image-preview":"max-image-preview:large","max-video-preview":"max-video-preview:-1"},"canonical":"https:\/\/livre.philhotherapie.com\/vacances-a-noel\/","og_locale":"fr_FR","og_type":"article","og_title":"Les vacances \u00e0 No\u00ebl - Philhoth\u00e9rapie","og_description":"Nous sommes une semaine avant No\u00ebl et le P\u00e8re No\u00ebl se pr\u00e9pare fi\u00e9vreusement pour la distribution des cadeaux pendant que la M\u00e8re No\u00ebl ne cesse de le harceler pour aller passer une semaine dans le sud. N\u2019en pouvant plus, le P\u00e8re No\u00ebl lui tend un billet d\u2019avion et lui dit: &#8211; \u00c9coute, je n\u2019ai pas &hellip; Continuer la lecture de &laquo;&nbsp;Les vacances \u00e0 No\u00ebl&nbsp;&raquo;","og_url":"https:\/\/livre.philhotherapie.com\/vacances-a-noel\/","og_site_name":"Philhoth\u00e9rapie","article_published_time":"2018-05-16T12:46:54+00:00","og_image":[{"width":600,"height":630,"url":"https:\/\/livre.philhotherapie.com\/incl\/uploads\/2018\/05\/imgHQ14054.jpg","type":"image\/jpeg"}],"twitter_card":"summary","twitter_misc":{"\u00c9crit par":"Philippe Hoebeke","Dur\u00e9e de lecture estim\u00e9e":"1 minute"},"schema":{"@context":"https:\/\/schema.org","@graph":[{"@type":"WebSite","@id":"https:\/\/livre.philhotherapie.com\/#website","url":"https:\/\/livre.philhotherapie.com\/","name":"Philhoth\u00e9rapie","description":"","potentialAction":[{"@type":"SearchAction","target":{"@type":"EntryPoint","urlTemplate":"https:\/\/livre.philhotherapie.com\/?s={search_term_string}"},"query-input":"required name=search_term_string"}],"inLanguage":"fr-FR"},{"@type":"ImageObject","inLanguage":"fr-FR","@id":"https:\/\/livre.philhotherapie.com\/vacances-a-noel\/#primaryimage","url":"https:\/\/livre.philhotherapie.com\/incl\/uploads\/2018\/05\/imgHQ14054.jpg","contentUrl":"https:\/\/livre.philhotherapie.com\/incl\/uploads\/2018\/05\/imgHQ14054.jpg","width":600,"height":630},{"@type":"WebPage","@id":"https:\/\/livre.philhotherapie.com\/vacances-a-noel\/#webpage","url":"https:\/\/livre.philhotherapie.com\/vacances-a-noel\/","name":"Les vacances \u00e0 No\u00ebl - Philhoth\u00e9rapie","isPartOf":{"@id":"https:\/\/livre.philhotherapie.com\/#website"},"primaryImageOfPage":{"@id":"https:\/\/livre.philhotherapie.com\/vacances-a-noel\/#primaryimage"},"datePublished":"2018-05-16T12:46:54+00:00","dateModified":"2018-05-16T12:46:54+00:00","author":{"@id":"https:\/\/livre.philhotherapie.com\/#\/schema\/person\/eaa154ff51229fbd2d001910c04498db"},"breadcrumb":{"@id":"https:\/\/livre.philhotherapie.com\/vacances-a-noel\/#breadcrumb"},"inLanguage":"fr-FR","potentialAction":[{"@type":"ReadAction","target":["https:\/\/livre.philhotherapie.com\/vacances-a-noel\/"]}]},{"@type":"BreadcrumbList","@id":"https:\/\/livre.philhotherapie.com\/vacances-a-noel\/#breadcrumb","itemListElement":[{"@type":"ListItem","position":1,"name":"Accueil","item":"https:\/\/livre.philhotherapie.com\/"},{"@type":"ListItem","position":2,"name":"Les vacances \u00e0 No\u00ebl"}]},{"@type":"Person","@id":"https:\/\/livre.philhotherapie.com\/#\/schema\/person\/eaa154ff51229fbd2d001910c04498db","name":"Philippe Hoebeke","image":{"@type":"ImageObject","inLanguage":"fr-FR","@id":"https:\/\/livre.philhotherapie.com\/#\/schema\/person\/image\/","url":"https:\/\/livre.philhotherapie.com\/incl\/uploads\/2021\/09\/avatar_user_15_1632473870-96x96.jpg","contentUrl":"https:\/\/livre.philhotherapie.com\/incl\/uploads\/2021\/09\/avatar_user_15_1632473870-96x96.jpg","caption":"Philippe Hoebeke"},"url":"https:\/\/livre.philhotherapie.com\/profile\/philho63gmail-com\/"}]}},"acf":[],"_links":{"self":[{"href":"https:\/\/livre.philhotherapie.com\/rest_api\/wp\/v2\/posts\/1363"}],"collection":[{"href":"https:\/\/livre.philhotherapie.com\/rest_api\/wp\/v2\/posts"}],"about":[{"href":"https:\/\/livre.philhotherapie.com\/rest_api\/wp\/v2\/types\/post"}],"author":[{"embeddable":true,"href":"https:\/\/livre.philhotherapie.com\/rest_api\/wp\/v2\/users\/15"}],"replies":[{"embeddable":true,"href":"https:\/\/livre.philhotherapie.com\/rest_api\/wp\/v2\/comments?post=1363"}],"version-history":[{"count":1,"href":"https:\/\/livre.philhotherapie.com\/rest_api\/wp\/v2\/posts\/1363\/revisions"}],"predecessor-version":[{"id":1365,"href":"https:\/\/livre.philhotherapie.com\/rest_api\/wp\/v2\/posts\/1363\/revisions\/1365"}],"wp:featuredmedia":[{"embeddable":true,"href":"https:\/\/livre.philhotherapie.com\/rest_api\/wp\/v2\/media\/1364"}],"wp:attachment":[{"href":"https:\/\/livre.philhotherapie.com\/rest_api\/wp\/v2\/media?parent=1363"}],"wp:term":[{"taxonomy":"category","embeddable":true,"href":"https:\/\/livre.philhotherapie.com\/rest_api\/wp\/v2\/categories?post=1363"},{"taxonomy":"post_tag","embeddable":true,"href":"https:\/\/livre.philhotherapie.com\/rest_api\/wp\/v2\/tags?post=1363"}],"curies":[{"name":"wp","href":"https:\/\/api.w.org\/{rel}","templated":true}]}}