{"id":1349,"date":"2018-05-16T14:09:36","date_gmt":"2018-05-16T12:09:36","guid":{"rendered":"https:\/\/livre.philhotherapie.com\/?p=1349"},"modified":"2018-05-16T14:09:36","modified_gmt":"2018-05-16T12:09:36","slug":"guerison-de-lenfant-interieur","status":"publish","type":"post","link":"https:\/\/livre.philhotherapie.com\/guerison-de-lenfant-interieur\/","title":{"rendered":"LA GU\u00c9RISON DE L\u2019ENFANT INT\u00c9RIEUR"},"content":{"rendered":"<p><span style=\"font-family: 'Droid Sans';\"><span style=\"color: #000000;\">LA GU\u00c9RISON DE L\u2019ENFANT INT\u00c9RIEUR<\/span><\/span><\/p>\n<p><span style=\"font-family: 'Droid Sans';\"><span style=\"color: #000000;\">Texte de Sophie Riehl<\/span><\/span><\/p>\n<p><span style=\"font-family: 'Droid Sans';\"><span style=\"color: #000000;\">La gu\u00e9rison de notre enfant int\u00e9rieur est primordiale pour notre \u00e9volution personnelle et spirituelle. Il est important de savoir que tout s\u2019imprime dans la conscience. Apr\u00e8s, c\u2019est une question de m\u00e9moire. Nous sommes des consciences, et nous voyageons, \u00e0 travers l\u2019espace et le temps, dans des mondes en \u00e9volution. Notre conscience Divine, avec le support de notre \u00e2me, choisit des incarnations afin d\u2019apprendre, d\u2019\u00e9voluer et d\u2019enrichir de ces exp\u00e9riences la Cr\u00e9ation enti\u00e8re.\u00a0<\/span><\/span><\/p>\n<p><span style=\"font-family: 'Droid Sans';\"><span style=\"color: #000000;\">M\u00eame si nous avons oubli\u00e9 ces diff\u00e9rentes impr\u00e9gnations, il est possible, en m\u00e9ditation, en nous reliant \u00e0 notre Pr\u00e9sence Sacr\u00e9e, ou avec un accompagnant, en \u00e9tat modifi\u00e9 de conscience, de retrouver ces m\u00e9moires, afin de soigner les chocs \u00e9motionnels accumul\u00e9s lors du parcours de notre \u00e2me. La premi\u00e8re impression marquante, au d\u00e9but de l\u2019incarnation, s\u2019implante au moment de la conception, c\u2019est \u00e0 cet instant que l\u2019\u00e2me rencontre la mati\u00e8re. Or, comme l\u2019\u00e2me avait commenc\u00e9 \u00e0 oublier ses origines de lumi\u00e8re en s\u2019approchant de la densit\u00e9 physique, elle a \u00e9t\u00e9 influenc\u00e9e par les sensations venues de l\u2019ext\u00e9rieur, \u00e9mises par les vibrations de ses parents humains. Souvent, l\u2019\u00e2me, lors de la conception, confond la mati\u00e8re avec les \u00e9motions et le monde int\u00e9rieur des parents, d\u2019o\u00f9 les diff\u00e9rentes difficult\u00e9s \u00e0 s\u2019incarner, si la conception n\u2019est pas faite en conscience et dans l\u2019amour. A diff\u00e9rents degr\u00e9s, cela concerne tout le monde, car nous vivons dans un monde imparfait, o\u00f9 chacun a des limites (l\u2019expression de l\u2019amour conditionnel).\u00a0<\/span><\/span><\/p>\n<p><span style=\"font-family: 'Droid Sans';\"><span style=\"color: #000000;\">L\u2019impr\u00e9gnation aux \u00e9motions ext\u00e9rieures continue au cours de la vie f\u0153tale, o\u00f9 l\u2019\u00e2me poursuit son identification \u00e0 la vibration parentale, et commence ainsi \u00e0 d\u00e9finir ses propres perceptions du monde. La Vie n\u2019a que le sens qu\u2019on lui donne, et celui-ci subit les influences ext\u00e9rieures. La difficult\u00e9 vient du fait que l\u2019\u00e2me ne diff\u00e9rencie pas l\u2019ext\u00e9rieur de ce qui lui appartient en propre, car elle est dans un processus de fusion. L\u2019exp\u00e9rience consiste justement \u00e0 ne plus \u00eatre attach\u00e9 (mais juste reli\u00e9) avec le monde des autres, pour revenir \u00e0 sa propre conscience. Cet apprentissage de l\u2019autonomie est plus ou moins difficile suivant l\u2019histoire familiale et les croyances personnelles de l\u2019\u00e2me, issues des vies ant\u00e9rieures. Il est juste effectivement de soigner tout cela, mais cela peut se faire dans le pr\u00e9sent, dans le travail en conscience, car nous ne sommes que la r\u00e9sultante de nos exp\u00e9riences pass\u00e9es.\u00a0<\/span><\/span><\/p>\n<p><span style=\"color: #000000;\"><u><span style=\"font-family: 'Droid Sans';\">La croyance pr\u00e9c\u00e8de toujours l\u2019exp\u00e9rience,<\/span><\/u><span style=\"font-family: 'Droid Sans';\"> donc nous avons choisi nos parents en fonction des conclusions de nos vies pass\u00e9es. M\u00eame sans leur souvenir nous pouvons donc gu\u00e9rir, car le pr\u00e9sent est la cons\u00e9quence du pass\u00e9. En soignant ces m\u00e9moires, en recontactant notre enfant int\u00e9rieur, nous pouvons nous lib\u00e9rer de ces influences et nous connecter de fa\u00e7on plus profonde \u00e0 notre structure multidimensionnelle. Ainsi, le pr\u00e9sent n\u2019est plus le r\u00e9sultat du pass\u00e9, mais un acte de cr\u00e9ation consciente issu de notre identification \u00e0 notre Pr\u00e9sence Eternelle. Il n\u2019y a pas de miracle, c\u2019est un travail int\u00e9rieur puissant, dans le temps. Il demande patience et pers\u00e9v\u00e9rance. En effet, notre exp\u00e9rience enfantine s\u2019\u00e9coule sur plusieurs ann\u00e9es, l\u2019impr\u00e9gnation est donc forte, et c\u2019est par la constance, par une r\u00e9silience forte \u00e0 notre enfant int\u00e9rieur que nous nous en d\u00e9gageons.<\/span><\/span><\/p>\n<p><span style=\"font-family: 'Droid Sans';\"><span style=\"color: #000000;\">Lorsque, dans notre pr\u00e9sent, nous sommes parfois \u00e9tonn\u00e9s de r\u00e9actions \u00e9motionnelles excessives, sans rapport avec la situation v\u00e9cue, c\u2019est que nous sommes dans l\u2019activation d\u2019une m\u00e9moire. Notre corps se souvient de situations similaires souffrantes, et s\u2019identifie \u00e0 ce pass\u00e9. Ainsi, par exemple, lors d\u2019un conflit relationnel, en fait, notre inconscient se trouve devant papa ou maman, et rejoue l\u2019impression d\u2019impuissance de l\u2019enfant. C\u2019est l\u2019enfant en nous qui n\u2019a pas de solution, qui vit cette impuissance, qui subit. Le savoir, retrouver le souvenir en ad\u00e9quation avec la situation permet la lib\u00e9ration de la m\u00e9moire et de sortir de la r\u00e9activit\u00e9.<\/span><\/span><span style=\"font-family: 'Droid Sans';\"><span style=\"color: #000000;\">\u00a0<\/span><\/span><\/p>\n<p><span style=\"font-family: 'Droid Sans';\"><span style=\"color: #000000;\">Le fait de devenir, par nous-m\u00eames, un parent bienveillant pour notre enfant int\u00e9rieur est tr\u00e8s b\u00e9n\u00e9fique, \u00e0 la fois pour l\u2019adulte et pour l\u2019enfant en nous. En effet, sentir qu\u2019on a ce pouvoir d\u2019entrer vibratoirement en relation avec l\u2019enfant permet \u00e0 l\u2019adulte de s\u2019affirmer, de croire en lui, et cela aide l\u2019enfant \u00e0 grandir, \u00e0 venir s\u2019unir \u00e0 l\u2019adulte. C\u2019est une r\u00e9conciliation profonde en Soi, un retour vers l\u2019Unit\u00e9 de l\u2019\u00catre. Cela peut commencer de fa\u00e7on tr\u00e8s simple, par une int\u00e9riorisation. Tournez votre attention en vous, dans votre c\u0153ur, et allez y chercher la pr\u00e9sence de votre enfant. Le plus important ce n\u2019est pas de le voir, c\u2019est de le sentir. Puis approchez-vous doucement de lui, en tant qu\u2019adulte, et parlez-lui. Dites-lui que vous \u00eates l\u00e0 pour lui, que vous le comprenez, que vous l\u2019aimez, et que vous allez l\u2019aider. Vous \u00eates venu le soutenir, devenir un bon compagnon pour lui. Ecoutez ses dol\u00e9ances, ses interrogations, enseignez-lui la sagesse et la compr\u00e9hension de l\u2019adulte, afin de cr\u00e9er cette r\u00e9conciliation profonde avec la vie et le d\u00e9tachement des identifications ext\u00e9rieures.<\/span><\/span><\/p>\n<p><span style=\"font-family: 'Droid Sans';\"><span style=\"color: #000000;\">Namast\u00e9<\/span><\/span><\/p>\n<p>&nbsp;<\/p>\n","protected":false},"excerpt":{"rendered":"<p>LA GU\u00c9RISON DE L\u2019ENFANT INT\u00c9RIEUR Texte de Sophie Riehl La gu\u00e9rison de notre enfant int\u00e9rieur est primordiale pour notre \u00e9volution personnelle et spirituelle. Il est important de savoir que tout s\u2019imprime dans la conscience. Apr\u00e8s, c\u2019est une question de m\u00e9moire. Nous sommes des consciences, et nous voyageons, \u00e0 travers l\u2019espace et le temps, dans des &hellip; <a href=\"https:\/\/livre.philhotherapie.com\/guerison-de-lenfant-interieur\/\" class=\"more-link\">Continuer la lecture<span class=\"screen-reader-text\"> de &laquo;&nbsp;LA GU\u00c9RISON DE L\u2019ENFANT INT\u00c9RIEUR&nbsp;&raquo;<\/span><\/a><\/p>\n","protected":false},"author":15,"featured_media":1350,"comment_status":"open","ping_status":"closed","sticky":false,"template":"","format":"standard","meta":{"inline_featured_image":false},"categories":[21],"tags":[],"yoast_head":"<!-- This site is optimized with the Yoast SEO plugin v19.1 - https:\/\/yoast.com\/wordpress\/plugins\/seo\/ -->\n<title>LA GU\u00c9RISON DE L\u2019ENFANT INT\u00c9RIEUR - Philhoth\u00e9rapie<\/title>\n<meta name=\"robots\" content=\"index, follow, max-snippet:-1, max-image-preview:large, max-video-preview:-1\" \/>\n<link rel=\"canonical\" href=\"https:\/\/livre.philhotherapie.com\/guerison-de-lenfant-interieur\/\" \/>\n<meta property=\"og:locale\" content=\"fr_FR\" \/>\n<meta property=\"og:type\" content=\"article\" \/>\n<meta property=\"og:title\" content=\"LA GU\u00c9RISON DE L\u2019ENFANT INT\u00c9RIEUR - Philhoth\u00e9rapie\" \/>\n<meta property=\"og:description\" content=\"LA GU\u00c9RISON DE L\u2019ENFANT INT\u00c9RIEUR Texte de Sophie Riehl La gu\u00e9rison de notre enfant int\u00e9rieur est primordiale pour notre \u00e9volution personnelle et spirituelle. Il est important de savoir que tout s\u2019imprime dans la conscience. Apr\u00e8s, c\u2019est une question de m\u00e9moire. Nous sommes des consciences, et nous voyageons, \u00e0 travers l\u2019espace et le temps, dans des &hellip; Continuer la lecture de &laquo;&nbsp;LA GU\u00c9RISON DE L\u2019ENFANT INT\u00c9RIEUR&nbsp;&raquo;\" \/>\n<meta property=\"og:url\" content=\"https:\/\/livre.philhotherapie.com\/guerison-de-lenfant-interieur\/\" \/>\n<meta property=\"og:site_name\" content=\"Philhoth\u00e9rapie\" \/>\n<meta property=\"article:published_time\" content=\"2018-05-16T12:09:36+00:00\" \/>\n<meta property=\"og:image\" content=\"https:\/\/livre.philhotherapie.com\/incl\/uploads\/2018\/05\/enfant-int.jpg\" \/>\n\t<meta property=\"og:image:width\" content=\"647\" \/>\n\t<meta property=\"og:image:height\" content=\"300\" \/>\n\t<meta property=\"og:image:type\" content=\"image\/jpeg\" \/>\n<meta name=\"twitter:card\" content=\"summary\" \/>\n<meta name=\"twitter:label1\" content=\"\u00c9crit par\" \/>\n\t<meta name=\"twitter:data1\" content=\"Philippe Hoebeke\" \/>\n\t<meta name=\"twitter:label2\" content=\"Dur\u00e9e de lecture estim\u00e9e\" \/>\n\t<meta name=\"twitter:data2\" content=\"5 minutes\" \/>\n<script type=\"application\/ld+json\" class=\"yoast-schema-graph\">{\"@context\":\"https:\/\/schema.org\",\"@graph\":[{\"@type\":\"WebSite\",\"@id\":\"https:\/\/livre.philhotherapie.com\/#website\",\"url\":\"https:\/\/livre.philhotherapie.com\/\",\"name\":\"Philhoth\u00e9rapie\",\"description\":\"\",\"potentialAction\":[{\"@type\":\"SearchAction\",\"target\":{\"@type\":\"EntryPoint\",\"urlTemplate\":\"https:\/\/livre.philhotherapie.com\/?s={search_term_string}\"},\"query-input\":\"required name=search_term_string\"}],\"inLanguage\":\"fr-FR\"},{\"@type\":\"ImageObject\",\"inLanguage\":\"fr-FR\",\"@id\":\"https:\/\/livre.philhotherapie.com\/guerison-de-lenfant-interieur\/#primaryimage\",\"url\":\"https:\/\/livre.philhotherapie.com\/incl\/uploads\/2018\/05\/enfant-int.jpg\",\"contentUrl\":\"https:\/\/livre.philhotherapie.com\/incl\/uploads\/2018\/05\/enfant-int.jpg\",\"width\":647,\"height\":300},{\"@type\":\"WebPage\",\"@id\":\"https:\/\/livre.philhotherapie.com\/guerison-de-lenfant-interieur\/#webpage\",\"url\":\"https:\/\/livre.philhotherapie.com\/guerison-de-lenfant-interieur\/\",\"name\":\"LA GU\u00c9RISON DE L\u2019ENFANT INT\u00c9RIEUR - Philhoth\u00e9rapie\",\"isPartOf\":{\"@id\":\"https:\/\/livre.philhotherapie.com\/#website\"},\"primaryImageOfPage\":{\"@id\":\"https:\/\/livre.philhotherapie.com\/guerison-de-lenfant-interieur\/#primaryimage\"},\"datePublished\":\"2018-05-16T12:09:36+00:00\",\"dateModified\":\"2018-05-16T12:09:36+00:00\",\"author\":{\"@id\":\"https:\/\/livre.philhotherapie.com\/#\/schema\/person\/eaa154ff51229fbd2d001910c04498db\"},\"breadcrumb\":{\"@id\":\"https:\/\/livre.philhotherapie.com\/guerison-de-lenfant-interieur\/#breadcrumb\"},\"inLanguage\":\"fr-FR\",\"potentialAction\":[{\"@type\":\"ReadAction\",\"target\":[\"https:\/\/livre.philhotherapie.com\/guerison-de-lenfant-interieur\/\"]}]},{\"@type\":\"BreadcrumbList\",\"@id\":\"https:\/\/livre.philhotherapie.com\/guerison-de-lenfant-interieur\/#breadcrumb\",\"itemListElement\":[{\"@type\":\"ListItem\",\"position\":1,\"name\":\"Accueil\",\"item\":\"https:\/\/livre.philhotherapie.com\/\"},{\"@type\":\"ListItem\",\"position\":2,\"name\":\"LA GU\u00c9RISON DE L\u2019ENFANT INT\u00c9RIEUR\"}]},{\"@type\":\"Person\",\"@id\":\"https:\/\/livre.philhotherapie.com\/#\/schema\/person\/eaa154ff51229fbd2d001910c04498db\",\"name\":\"Philippe Hoebeke\",\"image\":{\"@type\":\"ImageObject\",\"inLanguage\":\"fr-FR\",\"@id\":\"https:\/\/livre.philhotherapie.com\/#\/schema\/person\/image\/\",\"url\":\"https:\/\/livre.philhotherapie.com\/incl\/uploads\/2021\/09\/avatar_user_15_1632473870-96x96.jpg\",\"contentUrl\":\"https:\/\/livre.philhotherapie.com\/incl\/uploads\/2021\/09\/avatar_user_15_1632473870-96x96.jpg\",\"caption\":\"Philippe Hoebeke\"},\"url\":\"https:\/\/livre.philhotherapie.com\/profile\/philho63gmail-com\/\"}]}<\/script>\n<!-- \/ Yoast SEO plugin. -->","yoast_head_json":{"title":"LA GU\u00c9RISON DE L\u2019ENFANT INT\u00c9RIEUR - Philhoth\u00e9rapie","robots":{"index":"index","follow":"follow","max-snippet":"max-snippet:-1","max-image-preview":"max-image-preview:large","max-video-preview":"max-video-preview:-1"},"canonical":"https:\/\/livre.philhotherapie.com\/guerison-de-lenfant-interieur\/","og_locale":"fr_FR","og_type":"article","og_title":"LA GU\u00c9RISON DE L\u2019ENFANT INT\u00c9RIEUR - Philhoth\u00e9rapie","og_description":"LA GU\u00c9RISON DE L\u2019ENFANT INT\u00c9RIEUR Texte de Sophie Riehl La gu\u00e9rison de notre enfant int\u00e9rieur est primordiale pour notre \u00e9volution personnelle et spirituelle. Il est important de savoir que tout s\u2019imprime dans la conscience. Apr\u00e8s, c\u2019est une question de m\u00e9moire. Nous sommes des consciences, et nous voyageons, \u00e0 travers l\u2019espace et le temps, dans des &hellip; Continuer la lecture de &laquo;&nbsp;LA GU\u00c9RISON DE L\u2019ENFANT INT\u00c9RIEUR&nbsp;&raquo;","og_url":"https:\/\/livre.philhotherapie.com\/guerison-de-lenfant-interieur\/","og_site_name":"Philhoth\u00e9rapie","article_published_time":"2018-05-16T12:09:36+00:00","og_image":[{"width":647,"height":300,"url":"https:\/\/livre.philhotherapie.com\/incl\/uploads\/2018\/05\/enfant-int.jpg","type":"image\/jpeg"}],"twitter_card":"summary","twitter_misc":{"\u00c9crit par":"Philippe Hoebeke","Dur\u00e9e de lecture estim\u00e9e":"5 minutes"},"schema":{"@context":"https:\/\/schema.org","@graph":[{"@type":"WebSite","@id":"https:\/\/livre.philhotherapie.com\/#website","url":"https:\/\/livre.philhotherapie.com\/","name":"Philhoth\u00e9rapie","description":"","potentialAction":[{"@type":"SearchAction","target":{"@type":"EntryPoint","urlTemplate":"https:\/\/livre.philhotherapie.com\/?s={search_term_string}"},"query-input":"required name=search_term_string"}],"inLanguage":"fr-FR"},{"@type":"ImageObject","inLanguage":"fr-FR","@id":"https:\/\/livre.philhotherapie.com\/guerison-de-lenfant-interieur\/#primaryimage","url":"https:\/\/livre.philhotherapie.com\/incl\/uploads\/2018\/05\/enfant-int.jpg","contentUrl":"https:\/\/livre.philhotherapie.com\/incl\/uploads\/2018\/05\/enfant-int.jpg","width":647,"height":300},{"@type":"WebPage","@id":"https:\/\/livre.philhotherapie.com\/guerison-de-lenfant-interieur\/#webpage","url":"https:\/\/livre.philhotherapie.com\/guerison-de-lenfant-interieur\/","name":"LA GU\u00c9RISON DE L\u2019ENFANT INT\u00c9RIEUR - Philhoth\u00e9rapie","isPartOf":{"@id":"https:\/\/livre.philhotherapie.com\/#website"},"primaryImageOfPage":{"@id":"https:\/\/livre.philhotherapie.com\/guerison-de-lenfant-interieur\/#primaryimage"},"datePublished":"2018-05-16T12:09:36+00:00","dateModified":"2018-05-16T12:09:36+00:00","author":{"@id":"https:\/\/livre.philhotherapie.com\/#\/schema\/person\/eaa154ff51229fbd2d001910c04498db"},"breadcrumb":{"@id":"https:\/\/livre.philhotherapie.com\/guerison-de-lenfant-interieur\/#breadcrumb"},"inLanguage":"fr-FR","potentialAction":[{"@type":"ReadAction","target":["https:\/\/livre.philhotherapie.com\/guerison-de-lenfant-interieur\/"]}]},{"@type":"BreadcrumbList","@id":"https:\/\/livre.philhotherapie.com\/guerison-de-lenfant-interieur\/#breadcrumb","itemListElement":[{"@type":"ListItem","position":1,"name":"Accueil","item":"https:\/\/livre.philhotherapie.com\/"},{"@type":"ListItem","position":2,"name":"LA GU\u00c9RISON DE L\u2019ENFANT INT\u00c9RIEUR"}]},{"@type":"Person","@id":"https:\/\/livre.philhotherapie.com\/#\/schema\/person\/eaa154ff51229fbd2d001910c04498db","name":"Philippe Hoebeke","image":{"@type":"ImageObject","inLanguage":"fr-FR","@id":"https:\/\/livre.philhotherapie.com\/#\/schema\/person\/image\/","url":"https:\/\/livre.philhotherapie.com\/incl\/uploads\/2021\/09\/avatar_user_15_1632473870-96x96.jpg","contentUrl":"https:\/\/livre.philhotherapie.com\/incl\/uploads\/2021\/09\/avatar_user_15_1632473870-96x96.jpg","caption":"Philippe Hoebeke"},"url":"https:\/\/livre.philhotherapie.com\/profile\/philho63gmail-com\/"}]}},"acf":[],"_links":{"self":[{"href":"https:\/\/livre.philhotherapie.com\/rest_api\/wp\/v2\/posts\/1349"}],"collection":[{"href":"https:\/\/livre.philhotherapie.com\/rest_api\/wp\/v2\/posts"}],"about":[{"href":"https:\/\/livre.philhotherapie.com\/rest_api\/wp\/v2\/types\/post"}],"author":[{"embeddable":true,"href":"https:\/\/livre.philhotherapie.com\/rest_api\/wp\/v2\/users\/15"}],"replies":[{"embeddable":true,"href":"https:\/\/livre.philhotherapie.com\/rest_api\/wp\/v2\/comments?post=1349"}],"version-history":[{"count":1,"href":"https:\/\/livre.philhotherapie.com\/rest_api\/wp\/v2\/posts\/1349\/revisions"}],"predecessor-version":[{"id":1351,"href":"https:\/\/livre.philhotherapie.com\/rest_api\/wp\/v2\/posts\/1349\/revisions\/1351"}],"wp:featuredmedia":[{"embeddable":true,"href":"https:\/\/livre.philhotherapie.com\/rest_api\/wp\/v2\/media\/1350"}],"wp:attachment":[{"href":"https:\/\/livre.philhotherapie.com\/rest_api\/wp\/v2\/media?parent=1349"}],"wp:term":[{"taxonomy":"category","embeddable":true,"href":"https:\/\/livre.philhotherapie.com\/rest_api\/wp\/v2\/categories?post=1349"},{"taxonomy":"post_tag","embeddable":true,"href":"https:\/\/livre.philhotherapie.com\/rest_api\/wp\/v2\/tags?post=1349"}],"curies":[{"name":"wp","href":"https:\/\/api.w.org\/{rel}","templated":true}]}}