{"id":1346,"date":"2018-05-16T14:04:03","date_gmt":"2018-05-16T12:04:03","guid":{"rendered":"https:\/\/livre.philhotherapie.com\/?p=1346"},"modified":"2018-05-16T14:04:03","modified_gmt":"2018-05-16T12:04:03","slug":"guerir-lenfant-interieur","status":"publish","type":"post","link":"https:\/\/livre.philhotherapie.com\/guerir-lenfant-interieur\/","title":{"rendered":"GUERIR L\u2019ENFANT INT\u00c9RIEUR"},"content":{"rendered":"<p>GUERIR L\u2019ENFANT INT\u00c9RIEUR<\/p>\n<p>On dit que les enfants sont l&rsquo;avenir de l&rsquo;Homme. Rien n&rsquo;est plus vrai. Mais n&rsquo;oublions pas qu&rsquo;avant d&rsquo;\u00eatre le futur de l&rsquo;humanit\u00e9, il est dans un premier temps l&rsquo;individu en devenir. A l&rsquo;instar des poup\u00e9es russes, l&rsquo;enfant que nous f\u00fbmes, continue d&rsquo;exister en nous. La sant\u00e9 du psychisme de l&rsquo;adulte d\u00e9pend de la sant\u00e9 du psychisme de l&rsquo;enfant, du bon d\u00e9roulement de son d\u00e9veloppement. Seul un enfant qui va bien, gu\u00e9ri de ses traumas et qui a vu ses besoins fondamentaux nourris, peut devenir adulte, s&rsquo;\u00e9panouir.<\/p>\n<p>Porteurs de vie, spontan\u00e9s, intol\u00e9rants \u00e0 l&rsquo;injustice, on dit aussi qu&rsquo;ils sont authentiques, que la v\u00e9rit\u00e9 sort de leur bouche. Il en va de m\u00eame pour notre enfant int\u00e9rieur. Gardien de notre moi v\u00e9ritable, il est le d\u00e9tenteur de nos v\u00e9rit\u00e9s les plus profondes. Si l&rsquo;adulte peut s&rsquo;accommoder de mensonges, l&rsquo;enfant, lui ne le peut pas et il en va de m\u00eame du monde des \u00e9motions. Il est donc important de r\u00e9habiliter notre enfant int\u00e9rieur, de faire la paix avec lui afin qu&rsquo;il devienne notre alli\u00e9 et qu&rsquo;il nous permette de vivre notre vie d&rsquo;adulte, en toute s\u00e9r\u00e9nit\u00e9.<\/p>\n<p><strong>R\u00e9habiliter son enfant int\u00e9rieur<\/strong><\/p>\n<p>Tout ce qui n&rsquo;a pas \u00e9t\u00e9 v\u00e9cu sainement dans l&rsquo;enfance, tous les traumatismes infantiles, toutes les \u00e9motions tues continuent de hanter l&rsquo;adulte en devenir. Ces fant\u00f4mes, loin de dispara\u00eetre, de s&rsquo;effacer, maintiennent la personne non seulement dans des positions infantiles, mais dans des \u00e9tats de souffrances et de mal-\u00eatre. Comme des plaies b\u00e9antes, ces fant\u00f4mes ne sont pas nos ennemis. Ils ne sont que l&rsquo;expression de l&rsquo;enfant int\u00e9rieur qui cherche \u00e0 se faire reconna\u00eetre pour aller bien, pour se d\u00e9velopper. Et il ne le peut tant qu&rsquo;il reste encha\u00eener \u00e0 ce qui a entrav\u00e9 son d\u00e9veloppement, tant qu&rsquo;il demeure dans les manques infantiles. D&rsquo;o\u00f9 la n\u00e9cessit\u00e9 de r\u00e9habiliter l&rsquo;enfant int\u00e9rieur qui constitue une partie de notre monde int\u00e9rieur.<\/p>\n<p>Beaucoup d&rsquo;adultes s&rsquo;acharnent contre leur monde int\u00e9rieur, essayant vainement de le museler car source de souffrances. Ils cherchent, \u00e0 travers des proth\u00e8ses ext\u00e9rieures, \u00e0 faire taire les murmures occasionn\u00e9s par ces souffrances. Pour ce faire, des addictions de toutes sortes se mettent en place, qu&rsquo;elles soient vis \u00e0 vis de substances, d&rsquo;activit\u00e9s ou de personnes. Ces fuites en avant ne sont que des tentatives pour combler des manques et des vides int\u00e9rieurs.<\/p>\n<p>Nous sommes le r\u00e9sultat de notre histoire, nous sommes seuls porteurs de nos souffrances et seuls d\u00e9tenteurs de solutions. Il est donc indispensable, pour gu\u00e9rir, de partir \u00e0 sa d\u00e9couverte, celle de son monde interne, de cet enfant toujours pr\u00e9sent en soi.<\/p>\n<p>Pour survivre, s&rsquo;adapter, l&rsquo;enfant que nous \u00e9tions, n&rsquo;a eu d&rsquo;autre choix, que subir, se taire. Pour nous affranchir de ses souffrances, il faut donc se r\u00e9approprier son histoire, ses \u00e9motions si longtemps tues, accorder une place, un droit \u00e0 la parole \u00e0 son enfant int\u00e9rieur bless\u00e9. \u00c9couter ce qu&rsquo;il a \u00e0 dire, entendre ce qui lui fait d\u00e9faut. Comme des plaies, nous n&rsquo;avons d&rsquo;autre choix que de panser, une \u00e0 une, ses blessures infantiles afin de faire la paix avec notre pass\u00e9.<\/p>\n<p>Pour gu\u00e9rir, devenir un adulte heureux, il est donc indispensable de prendre conscience de sa pr\u00e9sence, de ce qu&rsquo;il a \u00e0 dire, \u00e0 exprimer et de reconna\u00eetre sa propre histoire au lieu de \u00ab\u00a0se blinder\u00a0\u00bb, de fuir notre monde int\u00e9rieur comme le chol\u00e9ra, de chercher vainement des solutions ext\u00e9rieures magiques qui an\u00e9antiraient nos souffrances d&rsquo;un coup de baguette.<\/p>\n<p>Ces solutions n&rsquo;existent pas. C&rsquo;est en soi que se situent les fondations de notre \u00eatre. Les solutions ne peuvent donc que se trouver \u00e0 l&rsquo;int\u00e9rieur de soi, pas dans l&rsquo;amour d&rsquo;un autre, dans la rencontre parfaite ou un travail id\u00e9al.<\/p>\n<p><strong>Se conna\u00eetre et se reconna\u00eetre pour faire la paix<\/strong><\/p>\n<p>Freud disait que tout ce qui n&rsquo;est pas mis en conscience, est condamn\u00e9 \u00e0 se r\u00e9p\u00e9ter. Alors tel un disque ray\u00e9, les m\u00e9lodies de notre enfance ne cessent de r\u00e9sonner dans nos fors int\u00e9rieurs. Elles continuent de se r\u00e9p\u00e9ter jusqu&rsquo;\u00e0 ce que nous acceptions de leur pr\u00eater une oreille. Les \u00e9couter pour que nous reconnaissions les manques et les souffrances tapies derri\u00e8re leurs plaintes. Car c&rsquo;est tout ce que demande notre enfant int\u00e9rieur. Un adulte \u00e0 l&rsquo;\u00e9coute, lui accordant la reconnaissance de ses blessures, la reconnaissance de son \u00eatre v\u00e9ritable. Et c&rsquo;est ainsi qu&rsquo;il nous faut aborder notre monde int\u00e9rieur, en bon parent, celui que nous aurions souhait\u00e9 avoir et qui nous a si cruellement fait d\u00e9faut. Personne ne peut l&rsquo;\u00eatre \u00e0 notre place.<\/p>\n<p>Pour cela, il faut accepter de s&rsquo;aventurer derri\u00e8re le masque social, celui de l&rsquo;adulte. Le masque qu&rsquo;il a fallu nous fabriquer pour pouvoir nous adapter, nous int\u00e9grer, \u00eatre aim\u00e9. Prendre le temps de s&rsquo;arr\u00eater vraiment sur nous-m\u00eames, accepter de se faire face. L&rsquo;enfant int\u00e9rieur s&rsquo;\u00e9poumone \u00e0 dire des choses qu&rsquo;il a d\u00fb taire. Alors, avec compassion, comprendre qu&rsquo;aujourd&rsquo;hui, il peut exprimer les peurs, les injustices, les col\u00e8res qu&rsquo;il a d\u00fb garder. Car voici certainement le premier travail \u00e0 faire et qui consiste \u00e0 \u00ab\u00a0r\u00e9tablir le n\u00e9gatif, le mauvais\u00a0\u00bb, les \u00e9motions d\u00e9sagr\u00e9ables, car jug\u00e9es inacceptables. Pour ce faire, il faut nous accorder, avec lucidit\u00e9, la possibilit\u00e9 d&rsquo;un \u00ab\u00a0p\u00e8lerinage dans son pass\u00e9\u00a0\u00bb, afin d&rsquo;y retrouver les \u00e9motions enfouies, d&rsquo;exprimer le refoul\u00e9, de permettre le deuil de son enfance et de ce qui ne s&rsquo;est pas v\u00e9cu pleinement, d&rsquo;abandonner les peurs et les fausses croyances qui n&rsquo;ont plus lieu d&rsquo;\u00eatre.<\/p>\n<p>Accepter de remettre les responsabilit\u00e9s \u00e0 chacun. Si nous \u00e9tions maltrait\u00e9s, nous n&rsquo;en \u00e9tions pas la raison, nous avons v\u00e9cu le r\u00e9sultat de dysfonctionnements psychiques d&rsquo;individus incapables d&rsquo;\u00eatre parent. Si nous avons appris \u00e0 \u00eatre \u00ab\u00a0<a href=\"http:\/\/etats-d-esprit.com\/node\/58\">des enfants objets<\/a>\u00a0\u00bb, ce n&rsquo;est pas parce que nous ne valions pas mieux, mais que nous avons \u00e9t\u00e9 \u00e0 la merci de l&rsquo;\u00e9gocentrisme de certains parents. Si nous n&rsquo;avons pas re\u00e7u l&rsquo;amour, la s\u00e9curit\u00e9 qui nous \u00e9tait n\u00e9cessaire, c&rsquo;est tout simplement parce que notre entourage n&rsquo;en disposait pas lui-m\u00eame.<\/p>\n<p>Bien qu&rsquo;il est malsain de demeurer dans un statut de victime, il est primordial dans un premier temps de se l&rsquo;accorder, de se reconna\u00eetre comme telle. <em>\u00ab\u00a0Toute souffrance reconnue, assum\u00e9e se m\u00e9tamorphose, se dig\u00e8re.\u00a0\u00bb<\/em><\/p>\n<p>Il est d&rsquo;ailleurs courant que la souffrance v\u00e9ritablement reconnue, accept\u00e9e, assimil\u00e9e apporte un sentiment de soulagement \u00e0 la personne, qu&rsquo;elle exp\u00e9rimente un rel\u00e2chement de la tension interne. Car \u00e0 chaque r\u00e9v\u00e9lation correspond la fin d&rsquo;un combat livr\u00e9 \u00e0 soi-m\u00eame. La tension correspondait juste \u00e0 l&rsquo;expression d&rsquo;une lutte entre le Moi infantile qui criait sa souffrance et un Moi adulte qui cherchait \u00e0 la taire.<\/p>\n<p>Gr\u00e2ce \u00e0 ce travail sur soi, le deuil de son pass\u00e9 devient possible, une alliance entre le Moi enfant et le Moi adulte est enfin r\u00e9alisable. Les plaies sont peu \u00e0 peu pans\u00e9es. L&rsquo;enfant int\u00e9rieur peut demeurer en paix, permettant ainsi \u00e0 l&rsquo;adulte de grandir et de vivre sa vie.<\/p>\n<p><em>Philho Th\u00e9rapie le 16 mai 2018<\/em><\/p>\n","protected":false},"excerpt":{"rendered":"<p>GUERIR L\u2019ENFANT INT\u00c9RIEUR On dit que les enfants sont l&rsquo;avenir de l&rsquo;Homme. Rien n&rsquo;est plus vrai. Mais n&rsquo;oublions pas qu&rsquo;avant d&rsquo;\u00eatre le futur de l&rsquo;humanit\u00e9, il est dans un premier temps l&rsquo;individu en devenir. A l&rsquo;instar des poup\u00e9es russes, l&rsquo;enfant que nous f\u00fbmes, continue d&rsquo;exister en nous. La sant\u00e9 du psychisme de l&rsquo;adulte d\u00e9pend de &hellip; <a href=\"https:\/\/livre.philhotherapie.com\/guerir-lenfant-interieur\/\" class=\"more-link\">Continuer la lecture<span class=\"screen-reader-text\"> de &laquo;&nbsp;GUERIR L\u2019ENFANT INT\u00c9RIEUR&nbsp;&raquo;<\/span><\/a><\/p>\n","protected":false},"author":15,"featured_media":1347,"comment_status":"open","ping_status":"closed","sticky":false,"template":"","format":"standard","meta":{"inline_featured_image":false},"categories":[21],"tags":[],"yoast_head":"<!-- This site is optimized with the Yoast SEO plugin v19.1 - https:\/\/yoast.com\/wordpress\/plugins\/seo\/ -->\n<title>GUERIR L\u2019ENFANT INT\u00c9RIEUR - Philhoth\u00e9rapie<\/title>\n<meta name=\"robots\" content=\"index, follow, max-snippet:-1, max-image-preview:large, max-video-preview:-1\" \/>\n<link rel=\"canonical\" href=\"https:\/\/livre.philhotherapie.com\/guerir-lenfant-interieur\/\" \/>\n<meta property=\"og:locale\" content=\"fr_FR\" \/>\n<meta property=\"og:type\" content=\"article\" \/>\n<meta property=\"og:title\" content=\"GUERIR L\u2019ENFANT INT\u00c9RIEUR - Philhoth\u00e9rapie\" \/>\n<meta property=\"og:description\" content=\"GUERIR L\u2019ENFANT INT\u00c9RIEUR On dit que les enfants sont l&rsquo;avenir de l&rsquo;Homme. Rien n&rsquo;est plus vrai. Mais n&rsquo;oublions pas qu&rsquo;avant d&rsquo;\u00eatre le futur de l&rsquo;humanit\u00e9, il est dans un premier temps l&rsquo;individu en devenir. A l&rsquo;instar des poup\u00e9es russes, l&rsquo;enfant que nous f\u00fbmes, continue d&rsquo;exister en nous. La sant\u00e9 du psychisme de l&rsquo;adulte d\u00e9pend de &hellip; Continuer la lecture de &laquo;&nbsp;GUERIR L\u2019ENFANT INT\u00c9RIEUR&nbsp;&raquo;\" \/>\n<meta property=\"og:url\" content=\"https:\/\/livre.philhotherapie.com\/guerir-lenfant-interieur\/\" \/>\n<meta property=\"og:site_name\" content=\"Philhoth\u00e9rapie\" \/>\n<meta property=\"article:published_time\" content=\"2018-05-16T12:04:03+00:00\" \/>\n<meta property=\"og:image\" content=\"https:\/\/livre.philhotherapie.com\/incl\/uploads\/2018\/05\/enfant-int\u00e9rieur.jpg\" \/>\n\t<meta property=\"og:image:width\" content=\"645\" \/>\n\t<meta property=\"og:image:height\" content=\"426\" \/>\n\t<meta property=\"og:image:type\" content=\"image\/jpeg\" \/>\n<meta name=\"twitter:card\" content=\"summary\" \/>\n<meta name=\"twitter:label1\" content=\"\u00c9crit par\" \/>\n\t<meta name=\"twitter:data1\" content=\"Philippe Hoebeke\" \/>\n\t<meta name=\"twitter:label2\" content=\"Dur\u00e9e de lecture estim\u00e9e\" \/>\n\t<meta name=\"twitter:data2\" content=\"6 minutes\" \/>\n<script type=\"application\/ld+json\" class=\"yoast-schema-graph\">{\"@context\":\"https:\/\/schema.org\",\"@graph\":[{\"@type\":\"WebSite\",\"@id\":\"https:\/\/livre.philhotherapie.com\/#website\",\"url\":\"https:\/\/livre.philhotherapie.com\/\",\"name\":\"Philhoth\u00e9rapie\",\"description\":\"\",\"potentialAction\":[{\"@type\":\"SearchAction\",\"target\":{\"@type\":\"EntryPoint\",\"urlTemplate\":\"https:\/\/livre.philhotherapie.com\/?s={search_term_string}\"},\"query-input\":\"required name=search_term_string\"}],\"inLanguage\":\"fr-FR\"},{\"@type\":\"ImageObject\",\"inLanguage\":\"fr-FR\",\"@id\":\"https:\/\/livre.philhotherapie.com\/guerir-lenfant-interieur\/#primaryimage\",\"url\":\"https:\/\/livre.philhotherapie.com\/incl\/uploads\/2018\/05\/enfant-int\u00e9rieur.jpg\",\"contentUrl\":\"https:\/\/livre.philhotherapie.com\/incl\/uploads\/2018\/05\/enfant-int\u00e9rieur.jpg\",\"width\":645,\"height\":426},{\"@type\":\"WebPage\",\"@id\":\"https:\/\/livre.philhotherapie.com\/guerir-lenfant-interieur\/#webpage\",\"url\":\"https:\/\/livre.philhotherapie.com\/guerir-lenfant-interieur\/\",\"name\":\"GUERIR L\u2019ENFANT INT\u00c9RIEUR - Philhoth\u00e9rapie\",\"isPartOf\":{\"@id\":\"https:\/\/livre.philhotherapie.com\/#website\"},\"primaryImageOfPage\":{\"@id\":\"https:\/\/livre.philhotherapie.com\/guerir-lenfant-interieur\/#primaryimage\"},\"datePublished\":\"2018-05-16T12:04:03+00:00\",\"dateModified\":\"2018-05-16T12:04:03+00:00\",\"author\":{\"@id\":\"https:\/\/livre.philhotherapie.com\/#\/schema\/person\/eaa154ff51229fbd2d001910c04498db\"},\"breadcrumb\":{\"@id\":\"https:\/\/livre.philhotherapie.com\/guerir-lenfant-interieur\/#breadcrumb\"},\"inLanguage\":\"fr-FR\",\"potentialAction\":[{\"@type\":\"ReadAction\",\"target\":[\"https:\/\/livre.philhotherapie.com\/guerir-lenfant-interieur\/\"]}]},{\"@type\":\"BreadcrumbList\",\"@id\":\"https:\/\/livre.philhotherapie.com\/guerir-lenfant-interieur\/#breadcrumb\",\"itemListElement\":[{\"@type\":\"ListItem\",\"position\":1,\"name\":\"Accueil\",\"item\":\"https:\/\/livre.philhotherapie.com\/\"},{\"@type\":\"ListItem\",\"position\":2,\"name\":\"GUERIR L\u2019ENFANT INT\u00c9RIEUR\"}]},{\"@type\":\"Person\",\"@id\":\"https:\/\/livre.philhotherapie.com\/#\/schema\/person\/eaa154ff51229fbd2d001910c04498db\",\"name\":\"Philippe Hoebeke\",\"image\":{\"@type\":\"ImageObject\",\"inLanguage\":\"fr-FR\",\"@id\":\"https:\/\/livre.philhotherapie.com\/#\/schema\/person\/image\/\",\"url\":\"https:\/\/livre.philhotherapie.com\/incl\/uploads\/2021\/09\/avatar_user_15_1632473870-96x96.jpg\",\"contentUrl\":\"https:\/\/livre.philhotherapie.com\/incl\/uploads\/2021\/09\/avatar_user_15_1632473870-96x96.jpg\",\"caption\":\"Philippe Hoebeke\"},\"url\":\"https:\/\/livre.philhotherapie.com\/profile\/philho63gmail-com\/\"}]}<\/script>\n<!-- \/ Yoast SEO plugin. -->","yoast_head_json":{"title":"GUERIR L\u2019ENFANT INT\u00c9RIEUR - Philhoth\u00e9rapie","robots":{"index":"index","follow":"follow","max-snippet":"max-snippet:-1","max-image-preview":"max-image-preview:large","max-video-preview":"max-video-preview:-1"},"canonical":"https:\/\/livre.philhotherapie.com\/guerir-lenfant-interieur\/","og_locale":"fr_FR","og_type":"article","og_title":"GUERIR L\u2019ENFANT INT\u00c9RIEUR - Philhoth\u00e9rapie","og_description":"GUERIR L\u2019ENFANT INT\u00c9RIEUR On dit que les enfants sont l&rsquo;avenir de l&rsquo;Homme. Rien n&rsquo;est plus vrai. Mais n&rsquo;oublions pas qu&rsquo;avant d&rsquo;\u00eatre le futur de l&rsquo;humanit\u00e9, il est dans un premier temps l&rsquo;individu en devenir. A l&rsquo;instar des poup\u00e9es russes, l&rsquo;enfant que nous f\u00fbmes, continue d&rsquo;exister en nous. La sant\u00e9 du psychisme de l&rsquo;adulte d\u00e9pend de &hellip; Continuer la lecture de &laquo;&nbsp;GUERIR L\u2019ENFANT INT\u00c9RIEUR&nbsp;&raquo;","og_url":"https:\/\/livre.philhotherapie.com\/guerir-lenfant-interieur\/","og_site_name":"Philhoth\u00e9rapie","article_published_time":"2018-05-16T12:04:03+00:00","og_image":[{"width":645,"height":426,"url":"https:\/\/livre.philhotherapie.com\/incl\/uploads\/2018\/05\/enfant-int\u00e9rieur.jpg","type":"image\/jpeg"}],"twitter_card":"summary","twitter_misc":{"\u00c9crit par":"Philippe Hoebeke","Dur\u00e9e de lecture estim\u00e9e":"6 minutes"},"schema":{"@context":"https:\/\/schema.org","@graph":[{"@type":"WebSite","@id":"https:\/\/livre.philhotherapie.com\/#website","url":"https:\/\/livre.philhotherapie.com\/","name":"Philhoth\u00e9rapie","description":"","potentialAction":[{"@type":"SearchAction","target":{"@type":"EntryPoint","urlTemplate":"https:\/\/livre.philhotherapie.com\/?s={search_term_string}"},"query-input":"required name=search_term_string"}],"inLanguage":"fr-FR"},{"@type":"ImageObject","inLanguage":"fr-FR","@id":"https:\/\/livre.philhotherapie.com\/guerir-lenfant-interieur\/#primaryimage","url":"https:\/\/livre.philhotherapie.com\/incl\/uploads\/2018\/05\/enfant-int\u00e9rieur.jpg","contentUrl":"https:\/\/livre.philhotherapie.com\/incl\/uploads\/2018\/05\/enfant-int\u00e9rieur.jpg","width":645,"height":426},{"@type":"WebPage","@id":"https:\/\/livre.philhotherapie.com\/guerir-lenfant-interieur\/#webpage","url":"https:\/\/livre.philhotherapie.com\/guerir-lenfant-interieur\/","name":"GUERIR L\u2019ENFANT INT\u00c9RIEUR - Philhoth\u00e9rapie","isPartOf":{"@id":"https:\/\/livre.philhotherapie.com\/#website"},"primaryImageOfPage":{"@id":"https:\/\/livre.philhotherapie.com\/guerir-lenfant-interieur\/#primaryimage"},"datePublished":"2018-05-16T12:04:03+00:00","dateModified":"2018-05-16T12:04:03+00:00","author":{"@id":"https:\/\/livre.philhotherapie.com\/#\/schema\/person\/eaa154ff51229fbd2d001910c04498db"},"breadcrumb":{"@id":"https:\/\/livre.philhotherapie.com\/guerir-lenfant-interieur\/#breadcrumb"},"inLanguage":"fr-FR","potentialAction":[{"@type":"ReadAction","target":["https:\/\/livre.philhotherapie.com\/guerir-lenfant-interieur\/"]}]},{"@type":"BreadcrumbList","@id":"https:\/\/livre.philhotherapie.com\/guerir-lenfant-interieur\/#breadcrumb","itemListElement":[{"@type":"ListItem","position":1,"name":"Accueil","item":"https:\/\/livre.philhotherapie.com\/"},{"@type":"ListItem","position":2,"name":"GUERIR L\u2019ENFANT INT\u00c9RIEUR"}]},{"@type":"Person","@id":"https:\/\/livre.philhotherapie.com\/#\/schema\/person\/eaa154ff51229fbd2d001910c04498db","name":"Philippe Hoebeke","image":{"@type":"ImageObject","inLanguage":"fr-FR","@id":"https:\/\/livre.philhotherapie.com\/#\/schema\/person\/image\/","url":"https:\/\/livre.philhotherapie.com\/incl\/uploads\/2021\/09\/avatar_user_15_1632473870-96x96.jpg","contentUrl":"https:\/\/livre.philhotherapie.com\/incl\/uploads\/2021\/09\/avatar_user_15_1632473870-96x96.jpg","caption":"Philippe Hoebeke"},"url":"https:\/\/livre.philhotherapie.com\/profile\/philho63gmail-com\/"}]}},"acf":[],"_links":{"self":[{"href":"https:\/\/livre.philhotherapie.com\/rest_api\/wp\/v2\/posts\/1346"}],"collection":[{"href":"https:\/\/livre.philhotherapie.com\/rest_api\/wp\/v2\/posts"}],"about":[{"href":"https:\/\/livre.philhotherapie.com\/rest_api\/wp\/v2\/types\/post"}],"author":[{"embeddable":true,"href":"https:\/\/livre.philhotherapie.com\/rest_api\/wp\/v2\/users\/15"}],"replies":[{"embeddable":true,"href":"https:\/\/livre.philhotherapie.com\/rest_api\/wp\/v2\/comments?post=1346"}],"version-history":[{"count":1,"href":"https:\/\/livre.philhotherapie.com\/rest_api\/wp\/v2\/posts\/1346\/revisions"}],"predecessor-version":[{"id":1348,"href":"https:\/\/livre.philhotherapie.com\/rest_api\/wp\/v2\/posts\/1346\/revisions\/1348"}],"wp:featuredmedia":[{"embeddable":true,"href":"https:\/\/livre.philhotherapie.com\/rest_api\/wp\/v2\/media\/1347"}],"wp:attachment":[{"href":"https:\/\/livre.philhotherapie.com\/rest_api\/wp\/v2\/media?parent=1346"}],"wp:term":[{"taxonomy":"category","embeddable":true,"href":"https:\/\/livre.philhotherapie.com\/rest_api\/wp\/v2\/categories?post=1346"},{"taxonomy":"post_tag","embeddable":true,"href":"https:\/\/livre.philhotherapie.com\/rest_api\/wp\/v2\/tags?post=1346"}],"curies":[{"name":"wp","href":"https:\/\/api.w.org\/{rel}","templated":true}]}}