{"id":1293,"date":"2018-04-04T12:13:32","date_gmt":"2018-04-04T10:13:32","guid":{"rendered":"https:\/\/livre.philhotherapie.com\/?p=1293"},"modified":"2018-04-04T12:13:32","modified_gmt":"2018-04-04T10:13:32","slug":"je-medite-donc-je-maigris","status":"publish","type":"post","link":"https:\/\/livre.philhotherapie.com\/je-medite-donc-je-maigris\/","title":{"rendered":"Je m\u00e9dite, donc je maigris ?"},"content":{"rendered":"<h4>Je m\u00e9dite, donc je maigris\u00a0?<\/h4>\n<p>Perdre du poids gr\u00e2ce \u00e0 la m\u00e9ditation et \u00e0 la pleine conscience, est-ce vraiment possible\u00a0? L&rsquo;id\u00e9e est en tout cas s\u00e9duisante. G\u00e9raldine Desindes\u00a0propose un programme\u00a0\u00ab\u00a0Manger et Vivre en Pleine Conscience\u00a0\u00bb et nous explique l&rsquo;incidence de la m\u00e9ditation sur notre rapport \u00e0 l&rsquo;alimentation.<\/p>\n<p>Si l&rsquo;on connait de mieux en mieux ses vertus <a href=\"http:\/\/www.marieclaire.fr\/,stress,20254,51256.asp\">anti-stress<\/a> et son influence positive sur nos capacit\u00e9s psychiques et notre sant\u00e9 au global, la m\u00e9ditation, peut-elle venir \u00e0 notre secours sur la balance ? De plus en plus de programmes minceur (applis, cures de thalassoth\u00e9rapie, th\u00e9rapies comportementales&#8230;) incluent en effet la pratique de la m\u00e9ditation dans leur approche des probl\u00e9matiques li\u00e9es poids.<\/p>\n<p>Sur son site, Bien \u00catre \u00e0 Table<sup>1<\/sup>, G\u00e9raldine Desindes explique par exemple qu\u2019elle partage sa vie professionnelle entre les cours de <a href=\"http:\/\/www.marieclaire.fr\/,mode-d-emploi-pour-une-premiere-seance-de-meditation,722103.asp\">m\u00e9ditation<\/a> qu&rsquo;elle enseigne et le d\u00e9veloppement du programme \u00ab Manger et Vivre en Pleine Conscience \u00bb. Convaincue que la pratique de la pleine conscience peut nous amener \u00e0 transformer notre rapport \u00e0 l\u2019alimentation, et donc, potentiellement, \u00e0 maigrir, cette derni\u00e8re revient avec nous sur l&rsquo;influence de l&rsquo;\u00e9coute de soi dans la perte de poids.<\/p>\n<p><strong>Perdre du poids gr\u00e2ce \u00e0 la pleine conscience, concr\u00e8tement, en quoi cela consiste ?<\/strong><\/p>\n<p><strong>G\u00e9raldine Desindes :<\/strong> La pleine conscience consiste \u00e0 porter son attention de mani\u00e8re volontaire sur ce qu\u2019il se passe autour et dans soi, avec deux particularit\u00e9s. La premi\u00e8re, c\u2019est qu\u2019on ne se focalise que sur ce qu\u2019il se passe ici et maintenant (on laisse de c\u00f4t\u00e9 le pass\u00e9 et le futur) ; la seconde, c\u2019est qu\u2019il s\u2019agit d\u2019une observation sans jugement ni critique. On observe simplement, sans rien faire, sans cat\u00e9goriser.<\/p>\n<p>Le programme, d&rsquo;une dur\u00e9e de 8 semaines, est donc bas\u00e9 sur cette reconnexion \u00e0 soi-m\u00eame, \u00e0 ses sensations. \u00c0 l&rsquo;origine, il a \u00e9t\u00e9 \u00e9labor\u00e9 par le Docteur et Moniale Zen Jan Chozen Bays<sup>2<\/sup> et Char Wilkins, psychiatre et formatrice MBSR (Programme de R\u00e9duction du Stress par la Pleine Conscience), deux femmes respectivement qui ont vu d\u00e9filer toutes les modes en mati\u00e8re de <a href=\"http:\/\/www.marieclaire.fr\/,regime-on-s-en-doutait-mais-maintenant-c-est-scientifique,780263.asp\">r\u00e9gime alimentaire<\/a> et qui se sont aper\u00e7ues de leur danger. Au-del\u00e0 de la minceur, on est d&rsquo;abord dans le bien-\u00eatre, par la m\u00e9ditation et la pleine conscience.<\/p>\n<p><strong>Comment la m\u00e9ditation peut-elle avoir une incidence sur notre alimentation ?<\/strong><\/p>\n<p><strong>G.D. :<\/strong> Premi\u00e8rement, la pleine conscience permet de <a href=\"http:\/\/www.marieclaire.fr\/,stress,20254,51256.asp\">r\u00e9duire le stress<\/a> \u2013 qui, on le sait, induit bien souvent des <strong>prises alimentaires compulsives<\/strong>. Au bout de 15 minutes de m\u00e9ditation quotidienne, des \u00e9tudes le prouvent, on observe d\u00e9j\u00e0 une r\u00e9duction de ce stress.<\/p>\n<p>Cette technique permet de reprogrammer petit \u00e0 petit le cerveau avec de nouvelles habitudes. On prend son temps, on mange lentement, on m\u00e2che bien les aliments, pour ressentir une v\u00e9ritable satisfaction. L\u2019objectif est d\u2019apprendre \u00e0 \u00eatre pr\u00e9sent pour savourer pleinement.<\/p>\n<p>Quand on est un nourrisson, on est tr\u00e8s instinctif (ndlr : par exemple, on s&rsquo;arr\u00eate de manger lorsqu&rsquo;on n&rsquo;a plus faim). Avec la pleine conscience, on tente de retrouver cette sensation intuitive, cette \u00e9coute de soi, qu\u2019on poss\u00e8de naturellement lorsqu\u2019on est b\u00e9b\u00e9.<\/p>\n<p><strong>Quelles sont les bases d&rsquo;une alimentation en pleine conscience ?<\/strong><\/p>\n<p><strong>G.D. :<\/strong> L\u2019\u00eatre humain a \u00e9t\u00e9 programm\u00e9 pour faire face au manque, mais aujourd\u2019hui, dans nos soci\u00e9t\u00e9s, \u00e7a n\u2019a plus beaucoup de sens. Face \u00e0 la sur-pr\u00e9sence de nourriture, il faut au contraire r\u00e9ussir \u00e0 faire un pas de c\u00f4t\u00e9, trouver les limites.<\/p>\n<p>En ralentissant, on a plus de chance de parvenir \u00e0 sonder son corps et \u00e0 reconnaitre et <strong>s\u00e9parer la faim d\u2019envie de la faim \u00e9motionnelle et de la faim physique<\/strong>.<\/p>\n<p>Il y a 9 sortes de faim : la faim des yeux (que les publicitaires l&rsquo;ont tr\u00e8s bien comprise), la faim du nez, la faim de la bouche, la faim du go\u00fbt et du toucher (les 5 sens) ainsi que la faim de l\u2019estomac, la faim des cellules (les besoins biologiques de notre corps), la faim de l\u2019esprit et la faim du c\u0153ur. Les plus complexes \u00e0 g\u00e9rer sont bien entendu la faim de la bouche, de l\u2019esprit et du c\u0153ur. Cette derni\u00e8re \u00e9voque les souvenirs, un besoin d\u2019amour ou de bienveillance.<\/p>\n<p><strong>Au quotidien, comment appliquer cette pleine conscience alimentaire ?<\/strong><\/p>\n<p><strong>G.D. :<\/strong> Une fois que l&rsquo;on a appris \u00e0 se (r\u00e9)\u00e9couter et \u00e0 reconnaitre ses faims, on va chercher ce qui peut \u00ab nourrir \u00bb par exemple, nos envies, ce qui nous reconnecte au moment pr\u00e9sent (faire de la peinture, aller marcher, voir des amis&#8230;)<\/p>\n<p>Pendant le repas, on prend le temps de manger de petites quantit\u00e9s. On se met au calme, on \u00e9teint la t\u00e9l\u00e9, on ne lit pas, et on prend conscience de ce qu\u2019on mange\u00a0sans se laisser parasiter par ce qui nous entoure. Ainsi, on ne prend que ce dont on a vraiment besoin pour se nourrir.<\/p>\n<p><strong>Quels sont les principaux bienfaits de l\u2019alimentation en pleine conscience ? <\/strong><\/p>\n<p><strong>G.D. :<\/strong> En premier lieu, on fait le choix d\u2019une alimentation plus respectueuse de soi-m\u00eame, puisqu\u2019on cherche \u00e0 s\u2019\u00e9couter. On va donc changer les produits qu\u2019on mange. Ce ne seront pas forc\u00e9ment des produits moins caloriques mais de meilleure qualit\u00e9. On adopte donc une d\u00e9marche plus \u00e9cologique, pour soi et l\u2019environnement.<\/p>\n<p>En second lieu, on agit sur la quantit\u00e9. On r\u00e9apprend \u00e0 manger selon le remplissage de l\u2019estomac et ses besoins physiologiques. Si <strong>l\u2019\u00e9motionnel est calm\u00e9 par la m\u00e9ditation<\/strong>, alors on \u00e9coute forc\u00e9ment mieux les vrais besoins de son corps. On apprend \u00e0 observer ses \u00e9motions et pens\u00e9es et \u00e0 comprendre sa faim \u00e9motionnelle (et donc \u00e0 l\u2019apprivoiser) : qu\u2019est-ce qui me pousse \u00e0 manger ? Qu\u2019est-ce qui se passe dans mon corps lorsque j\u2019ai une pulsion vers la nourriture ? Si on prend le temps d\u2019observer, son corps, puis ses pens\u00e9es et ses \u00e9motions, on parvient \u00e0 \u00ab saucissonner \u00bb cet \u00e9tat et ainsi \u00e0 lui faire perdre de la force. Ce n\u2019est qu\u2019une pens\u00e9e et je peux la surmonter.<\/p>\n<p><strong>Comment d\u00e9buter la m\u00e9ditation pour parvenir (peut-\u00eatre) \u00e0 la pleine conscience ?<\/strong><\/p>\n<p><strong>G.D. :<\/strong> Le livre de Jan Chozen Bays est une bonne base, mais trouver un groupe pour commencer la pratique, \u00e7a permet de se sentir entour\u00e9e et de s\u2019entraider de mani\u00e8re\u00a0collective. Il existe des cours et des stages pour d\u00e9buter la pratique de la pleine conscience. Mais chacun, \u00e0 son niveau, peut commencer par 3 minutes de m\u00e9ditation par jour (ndlr : des tas d&rsquo;applis existent d\u00e9sormais pour une pratique autonome), pour apprendre \u00e0 se reconnecter avec soi-m\u00eame.<\/p>\n<p><strong>Un rapport de cause \u00e0 effet pas (encore) scientifiquement prouv\u00e9<\/strong><\/p>\n<p>Le Dr Katy Tapper, professeur de psychologie \u00e0 La City, University of London, vient de publier dans la revue <em>Clinical Psychology Review<\/em> un article intitul\u00e9<a href=\"http:\/\/www.sciencedirect.com\/science\/article\/pii\/S0272735816302859?np=y\"><em> Can mindfulness influence weight management related eating behaviors ? If so, how ?<\/em><\/a>. Celui-ci s&rsquo;appuie sur des recherches effectu\u00e9es pour chercher \u00e0 d\u00e9montrer le lien de cause \u00e0 effet entre la pratique de la pleine conscience et le maintien du poids de forme.<\/p>\n<p>Selon le Dr Katy Tapper, \u00ab\u00a0Nous ne pouvons pas affirmer cat\u00e9goriquement que l&rsquo;<strong>alimentation consciente<\/strong> est en mesure de faciliter le contr\u00f4le du poids. De nombreuses pratiques diff\u00e9rentes ont \u00e9t\u00e9 d\u00e9nomm\u00e9es des pratiques conscientes, et les effets de chacune d&rsquo;entre elles sur les comportements alimentaires relatifs au contr\u00f4le du poids sont loin d&rsquo;\u00eatre \u00e9tablis. Nous devons donc investir dans des \u00e9tudes exp\u00e9rimentales mieux contr\u00f4l\u00e9es, avant de d\u00e9velopper et de faire conna\u00eetre de nouvelles interventions pour le contr\u00f4le du poids bas\u00e9 sur l&rsquo;alimentation consciente.\u00a0\u00bb<\/p>\n<p>L&rsquo;experte souligne n\u00e9anmoins deux points prometteurs concernant l&rsquo;alimentation consciente : l&rsquo;accroissement, gr\u00e2ce \u00e0 cette m\u00e9thode, de la conscience des caract\u00e9ristiques sensorielles des aliments au moment pr\u00e9sent et la <strong>d\u00e9centration<\/strong>. En revanche, m\u00eame si certains programmes de contr\u00f4le du poids se sont bas\u00e9s sur la pleine conscience et ont \u00e9t\u00e9 couronn\u00e9s de succ\u00e8s, il n&rsquo;est pas toujours \u00e9vident que la pratique de la pleine conscience en soit \u00e0 l&rsquo;origine.<\/p>\n<p>Affaire \u00e0 suivre donc.<\/p>\n","protected":false},"excerpt":{"rendered":"<p>Je m\u00e9dite, donc je maigris\u00a0? Perdre du poids gr\u00e2ce \u00e0 la m\u00e9ditation et \u00e0 la pleine conscience, est-ce vraiment possible\u00a0? L&rsquo;id\u00e9e est en tout cas s\u00e9duisante. G\u00e9raldine Desindes\u00a0propose un programme\u00a0\u00ab\u00a0Manger et Vivre en Pleine Conscience\u00a0\u00bb et nous explique l&rsquo;incidence de la m\u00e9ditation sur notre rapport \u00e0 l&rsquo;alimentation. Si l&rsquo;on connait de mieux en mieux ses &hellip; <a href=\"https:\/\/livre.philhotherapie.com\/je-medite-donc-je-maigris\/\" class=\"more-link\">Continuer la lecture<span class=\"screen-reader-text\"> de &laquo;&nbsp;Je m\u00e9dite, donc je maigris ?&nbsp;&raquo;<\/span><\/a><\/p>\n","protected":false},"author":15,"featured_media":1294,"comment_status":"open","ping_status":"closed","sticky":false,"template":"","format":"standard","meta":{"inline_featured_image":false},"categories":[24],"tags":[],"yoast_head":"<!-- This site is optimized with the Yoast SEO plugin v19.1 - https:\/\/yoast.com\/wordpress\/plugins\/seo\/ -->\n<title>Je m\u00e9dite, donc je maigris ? - Philhoth\u00e9rapie<\/title>\n<meta name=\"robots\" content=\"index, follow, max-snippet:-1, max-image-preview:large, max-video-preview:-1\" \/>\n<link rel=\"canonical\" href=\"https:\/\/livre.philhotherapie.com\/je-medite-donc-je-maigris\/\" \/>\n<meta property=\"og:locale\" content=\"fr_FR\" \/>\n<meta property=\"og:type\" content=\"article\" \/>\n<meta property=\"og:title\" content=\"Je m\u00e9dite, donc je maigris ? - Philhoth\u00e9rapie\" \/>\n<meta property=\"og:description\" content=\"Je m\u00e9dite, donc je maigris\u00a0? Perdre du poids gr\u00e2ce \u00e0 la m\u00e9ditation et \u00e0 la pleine conscience, est-ce vraiment possible\u00a0? L&rsquo;id\u00e9e est en tout cas s\u00e9duisante. G\u00e9raldine Desindes\u00a0propose un programme\u00a0\u00ab\u00a0Manger et Vivre en Pleine Conscience\u00a0\u00bb et nous explique l&rsquo;incidence de la m\u00e9ditation sur notre rapport \u00e0 l&rsquo;alimentation. Si l&rsquo;on connait de mieux en mieux ses &hellip; Continuer la lecture de &laquo;&nbsp;Je m\u00e9dite, donc je maigris ?&nbsp;&raquo;\" \/>\n<meta property=\"og:url\" content=\"https:\/\/livre.philhotherapie.com\/je-medite-donc-je-maigris\/\" \/>\n<meta property=\"og:site_name\" content=\"Philhoth\u00e9rapie\" \/>\n<meta property=\"article:published_time\" content=\"2018-04-04T10:13:32+00:00\" \/>\n<meta property=\"og:image\" content=\"https:\/\/livre.philhotherapie.com\/incl\/uploads\/2018\/04\/imagesC7FUK6N9.jpg\" \/>\n\t<meta property=\"og:image:width\" content=\"300\" \/>\n\t<meta property=\"og:image:height\" content=\"168\" \/>\n\t<meta property=\"og:image:type\" content=\"image\/jpeg\" \/>\n<meta name=\"twitter:card\" content=\"summary\" \/>\n<meta name=\"twitter:label1\" content=\"\u00c9crit par\" \/>\n\t<meta name=\"twitter:data1\" content=\"Philippe Hoebeke\" \/>\n\t<meta name=\"twitter:label2\" content=\"Dur\u00e9e de lecture estim\u00e9e\" \/>\n\t<meta name=\"twitter:data2\" content=\"7 minutes\" \/>\n<script type=\"application\/ld+json\" class=\"yoast-schema-graph\">{\"@context\":\"https:\/\/schema.org\",\"@graph\":[{\"@type\":\"WebSite\",\"@id\":\"https:\/\/livre.philhotherapie.com\/#website\",\"url\":\"https:\/\/livre.philhotherapie.com\/\",\"name\":\"Philhoth\u00e9rapie\",\"description\":\"\",\"potentialAction\":[{\"@type\":\"SearchAction\",\"target\":{\"@type\":\"EntryPoint\",\"urlTemplate\":\"https:\/\/livre.philhotherapie.com\/?s={search_term_string}\"},\"query-input\":\"required name=search_term_string\"}],\"inLanguage\":\"fr-FR\"},{\"@type\":\"ImageObject\",\"inLanguage\":\"fr-FR\",\"@id\":\"https:\/\/livre.philhotherapie.com\/je-medite-donc-je-maigris\/#primaryimage\",\"url\":\"https:\/\/livre.philhotherapie.com\/incl\/uploads\/2018\/04\/imagesC7FUK6N9.jpg\",\"contentUrl\":\"https:\/\/livre.philhotherapie.com\/incl\/uploads\/2018\/04\/imagesC7FUK6N9.jpg\",\"width\":300,\"height\":168},{\"@type\":\"WebPage\",\"@id\":\"https:\/\/livre.philhotherapie.com\/je-medite-donc-je-maigris\/#webpage\",\"url\":\"https:\/\/livre.philhotherapie.com\/je-medite-donc-je-maigris\/\",\"name\":\"Je m\u00e9dite, donc je maigris ? - Philhoth\u00e9rapie\",\"isPartOf\":{\"@id\":\"https:\/\/livre.philhotherapie.com\/#website\"},\"primaryImageOfPage\":{\"@id\":\"https:\/\/livre.philhotherapie.com\/je-medite-donc-je-maigris\/#primaryimage\"},\"datePublished\":\"2018-04-04T10:13:32+00:00\",\"dateModified\":\"2018-04-04T10:13:32+00:00\",\"author\":{\"@id\":\"https:\/\/livre.philhotherapie.com\/#\/schema\/person\/eaa154ff51229fbd2d001910c04498db\"},\"breadcrumb\":{\"@id\":\"https:\/\/livre.philhotherapie.com\/je-medite-donc-je-maigris\/#breadcrumb\"},\"inLanguage\":\"fr-FR\",\"potentialAction\":[{\"@type\":\"ReadAction\",\"target\":[\"https:\/\/livre.philhotherapie.com\/je-medite-donc-je-maigris\/\"]}]},{\"@type\":\"BreadcrumbList\",\"@id\":\"https:\/\/livre.philhotherapie.com\/je-medite-donc-je-maigris\/#breadcrumb\",\"itemListElement\":[{\"@type\":\"ListItem\",\"position\":1,\"name\":\"Accueil\",\"item\":\"https:\/\/livre.philhotherapie.com\/\"},{\"@type\":\"ListItem\",\"position\":2,\"name\":\"Je m\u00e9dite, donc je maigris ?\"}]},{\"@type\":\"Person\",\"@id\":\"https:\/\/livre.philhotherapie.com\/#\/schema\/person\/eaa154ff51229fbd2d001910c04498db\",\"name\":\"Philippe Hoebeke\",\"image\":{\"@type\":\"ImageObject\",\"inLanguage\":\"fr-FR\",\"@id\":\"https:\/\/livre.philhotherapie.com\/#\/schema\/person\/image\/\",\"url\":\"https:\/\/livre.philhotherapie.com\/incl\/uploads\/2021\/09\/avatar_user_15_1632473870-96x96.jpg\",\"contentUrl\":\"https:\/\/livre.philhotherapie.com\/incl\/uploads\/2021\/09\/avatar_user_15_1632473870-96x96.jpg\",\"caption\":\"Philippe Hoebeke\"},\"url\":\"https:\/\/livre.philhotherapie.com\/profile\/philho63gmail-com\/\"}]}<\/script>\n<!-- \/ Yoast SEO plugin. -->","yoast_head_json":{"title":"Je m\u00e9dite, donc je maigris ? - Philhoth\u00e9rapie","robots":{"index":"index","follow":"follow","max-snippet":"max-snippet:-1","max-image-preview":"max-image-preview:large","max-video-preview":"max-video-preview:-1"},"canonical":"https:\/\/livre.philhotherapie.com\/je-medite-donc-je-maigris\/","og_locale":"fr_FR","og_type":"article","og_title":"Je m\u00e9dite, donc je maigris ? - Philhoth\u00e9rapie","og_description":"Je m\u00e9dite, donc je maigris\u00a0? Perdre du poids gr\u00e2ce \u00e0 la m\u00e9ditation et \u00e0 la pleine conscience, est-ce vraiment possible\u00a0? L&rsquo;id\u00e9e est en tout cas s\u00e9duisante. G\u00e9raldine Desindes\u00a0propose un programme\u00a0\u00ab\u00a0Manger et Vivre en Pleine Conscience\u00a0\u00bb et nous explique l&rsquo;incidence de la m\u00e9ditation sur notre rapport \u00e0 l&rsquo;alimentation. Si l&rsquo;on connait de mieux en mieux ses &hellip; Continuer la lecture de &laquo;&nbsp;Je m\u00e9dite, donc je maigris ?&nbsp;&raquo;","og_url":"https:\/\/livre.philhotherapie.com\/je-medite-donc-je-maigris\/","og_site_name":"Philhoth\u00e9rapie","article_published_time":"2018-04-04T10:13:32+00:00","og_image":[{"width":300,"height":168,"url":"https:\/\/livre.philhotherapie.com\/incl\/uploads\/2018\/04\/imagesC7FUK6N9.jpg","type":"image\/jpeg"}],"twitter_card":"summary","twitter_misc":{"\u00c9crit par":"Philippe Hoebeke","Dur\u00e9e de lecture estim\u00e9e":"7 minutes"},"schema":{"@context":"https:\/\/schema.org","@graph":[{"@type":"WebSite","@id":"https:\/\/livre.philhotherapie.com\/#website","url":"https:\/\/livre.philhotherapie.com\/","name":"Philhoth\u00e9rapie","description":"","potentialAction":[{"@type":"SearchAction","target":{"@type":"EntryPoint","urlTemplate":"https:\/\/livre.philhotherapie.com\/?s={search_term_string}"},"query-input":"required name=search_term_string"}],"inLanguage":"fr-FR"},{"@type":"ImageObject","inLanguage":"fr-FR","@id":"https:\/\/livre.philhotherapie.com\/je-medite-donc-je-maigris\/#primaryimage","url":"https:\/\/livre.philhotherapie.com\/incl\/uploads\/2018\/04\/imagesC7FUK6N9.jpg","contentUrl":"https:\/\/livre.philhotherapie.com\/incl\/uploads\/2018\/04\/imagesC7FUK6N9.jpg","width":300,"height":168},{"@type":"WebPage","@id":"https:\/\/livre.philhotherapie.com\/je-medite-donc-je-maigris\/#webpage","url":"https:\/\/livre.philhotherapie.com\/je-medite-donc-je-maigris\/","name":"Je m\u00e9dite, donc je maigris ? - Philhoth\u00e9rapie","isPartOf":{"@id":"https:\/\/livre.philhotherapie.com\/#website"},"primaryImageOfPage":{"@id":"https:\/\/livre.philhotherapie.com\/je-medite-donc-je-maigris\/#primaryimage"},"datePublished":"2018-04-04T10:13:32+00:00","dateModified":"2018-04-04T10:13:32+00:00","author":{"@id":"https:\/\/livre.philhotherapie.com\/#\/schema\/person\/eaa154ff51229fbd2d001910c04498db"},"breadcrumb":{"@id":"https:\/\/livre.philhotherapie.com\/je-medite-donc-je-maigris\/#breadcrumb"},"inLanguage":"fr-FR","potentialAction":[{"@type":"ReadAction","target":["https:\/\/livre.philhotherapie.com\/je-medite-donc-je-maigris\/"]}]},{"@type":"BreadcrumbList","@id":"https:\/\/livre.philhotherapie.com\/je-medite-donc-je-maigris\/#breadcrumb","itemListElement":[{"@type":"ListItem","position":1,"name":"Accueil","item":"https:\/\/livre.philhotherapie.com\/"},{"@type":"ListItem","position":2,"name":"Je m\u00e9dite, donc je maigris ?"}]},{"@type":"Person","@id":"https:\/\/livre.philhotherapie.com\/#\/schema\/person\/eaa154ff51229fbd2d001910c04498db","name":"Philippe Hoebeke","image":{"@type":"ImageObject","inLanguage":"fr-FR","@id":"https:\/\/livre.philhotherapie.com\/#\/schema\/person\/image\/","url":"https:\/\/livre.philhotherapie.com\/incl\/uploads\/2021\/09\/avatar_user_15_1632473870-96x96.jpg","contentUrl":"https:\/\/livre.philhotherapie.com\/incl\/uploads\/2021\/09\/avatar_user_15_1632473870-96x96.jpg","caption":"Philippe Hoebeke"},"url":"https:\/\/livre.philhotherapie.com\/profile\/philho63gmail-com\/"}]}},"acf":[],"_links":{"self":[{"href":"https:\/\/livre.philhotherapie.com\/rest_api\/wp\/v2\/posts\/1293"}],"collection":[{"href":"https:\/\/livre.philhotherapie.com\/rest_api\/wp\/v2\/posts"}],"about":[{"href":"https:\/\/livre.philhotherapie.com\/rest_api\/wp\/v2\/types\/post"}],"author":[{"embeddable":true,"href":"https:\/\/livre.philhotherapie.com\/rest_api\/wp\/v2\/users\/15"}],"replies":[{"embeddable":true,"href":"https:\/\/livre.philhotherapie.com\/rest_api\/wp\/v2\/comments?post=1293"}],"version-history":[{"count":1,"href":"https:\/\/livre.philhotherapie.com\/rest_api\/wp\/v2\/posts\/1293\/revisions"}],"predecessor-version":[{"id":1295,"href":"https:\/\/livre.philhotherapie.com\/rest_api\/wp\/v2\/posts\/1293\/revisions\/1295"}],"wp:featuredmedia":[{"embeddable":true,"href":"https:\/\/livre.philhotherapie.com\/rest_api\/wp\/v2\/media\/1294"}],"wp:attachment":[{"href":"https:\/\/livre.philhotherapie.com\/rest_api\/wp\/v2\/media?parent=1293"}],"wp:term":[{"taxonomy":"category","embeddable":true,"href":"https:\/\/livre.philhotherapie.com\/rest_api\/wp\/v2\/categories?post=1293"},{"taxonomy":"post_tag","embeddable":true,"href":"https:\/\/livre.philhotherapie.com\/rest_api\/wp\/v2\/tags?post=1293"}],"curies":[{"name":"wp","href":"https:\/\/api.w.org\/{rel}","templated":true}]}}