{"id":1224,"date":"2018-03-06T23:04:13","date_gmt":"2018-03-06T22:04:13","guid":{"rendered":"https:\/\/livre.philhotherapie.com\/?p=1224"},"modified":"2018-03-06T23:04:13","modified_gmt":"2018-03-06T22:04:13","slug":"confession-confidence-politique","status":"publish","type":"post","link":"https:\/\/livre.philhotherapie.com\/confession-confidence-politique\/","title":{"rendered":"Confession, confidence et politique"},"content":{"rendered":"<p><span style=\"color: #333333; font-family: 'Arial','sans-serif'; font-size: 10.5pt;\">On f\u00eatait, ce jour-l\u00e0, par un souper d&rsquo;adieu, le d\u00e9part en retraite du cur\u00e9 de la paroisse.<\/span><\/p>\n<p><span style=\"color: #333333; font-family: 'Arial','sans-serif'; font-size: 10.5pt;\">Un politicien local \u00e9tait invit\u00e9 pour prononcer un bref discours. Comme il tardait \u00e0 arriver, le pr\u00eatre d\u00e9cide de dire quelques mots pour faire passer le temps \u00e0 ses nombreux paroissiens r\u00e9unis.<\/span><\/p>\n<p><span style=\"color: #333333; font-family: 'Arial','sans-serif'; font-size: 10.5pt;\">\u00ab\u00a0La premi\u00e8re impression que j&rsquo;ai eue de ma paroisse, je l&rsquo;ai eue avec la\u00a0premi\u00e8re confession\u00a0que j&rsquo;ai eu \u00e0 \u00e9couter. J&rsquo;ai tout de suite pens\u00e9 que l&rsquo;\u00e9v\u00eaque m&rsquo;avait envoy\u00e9 dans un lieu terrible, un v\u00e9ritable enfer. <\/span><\/p>\n<p><span style=\"color: #333333; font-family: 'Arial','sans-serif'; font-size: 10.5pt;\">La premi\u00e8re personne me confessa qu&rsquo;elle avait vol\u00e9 un t\u00e9l\u00e9viseur, \u00e9galement vol\u00e9 de l&rsquo;argent \u00e0 son p\u00e8re, puis qu&rsquo;elle avait aussi vol\u00e9 l&rsquo;entreprise pour laquelle elle travaillait, en plus d&rsquo;entretenir des relations sexuelles avec l&rsquo;\u00e9pouse de son sup\u00e9rieur. <\/span><span style=\"color: #333333; font-family: 'Arial','sans-serif'; font-size: 10.5pt;\">Aussi, qu&rsquo;\u00e0 l&rsquo;occasion, il s&rsquo;adonnait aussi au trafic de stup\u00e9fiants. Et pour terminer, il me confessa qu&rsquo;il avait fait beaucoup de trafic d&rsquo;influence, du chantage,&#8230; <\/span><\/p>\n<p><span style=\"color: #333333; font-family: 'Arial','sans-serif'; font-size: 10.5pt;\">Quel horreur, j&rsquo;\u00e9tais atterr\u00e9, apeur\u00e9, mais avec le temps, je connus plus de gens et je m&rsquo;aper\u00e7us par la suite que tous &#8230; n&rsquo;\u00e9taient pas ainsi, pas aussi pourris.\u00a0 <\/span><\/p>\n<p><span style=\"color: #333333; font-family: 'Arial','sans-serif'; font-size: 10.5pt;\">C&rsquo;est ainsi que j&rsquo;ai vu une paroisse remplie de gens responsables, avec de bonnes valeurs, croyant en la foi. Et j&rsquo;ai v\u00e9cu ainsi les 25 ann\u00e9es les plus merveilleuses de mon sacerdoce.<\/span><\/p>\n<p><span style=\"color: #333333; font-family: 'Arial','sans-serif'; font-size: 10.5pt;\">Sur ces mots arrive le politicien, qui alors prend la parole. <\/span><\/p>\n<p><span style=\"color: #333333; font-family: 'Arial','sans-serif'; font-size: 10.5pt;\">Bien s\u00fbr, il s&rsquo;excuse de son retard et commence son allocution :<\/span><\/p>\n<p><span style=\"color: #333333; font-family: 'Arial','sans-serif'; font-size: 10.5pt;\">\u00ab\u00a0Jamais je n&rsquo;oublierai le premier jour de l&rsquo;arriv\u00e9e du P\u00e8re dans notre paroisse en fait, j&rsquo;ai eu l&rsquo;honneur d&rsquo;\u00eatre le premier \u00e0 me confesser \u00e0 lui ! \u00ab\u00a0<\/span><\/p>\n<p>&nbsp;<\/p>\n","protected":false},"excerpt":{"rendered":"<p>On f\u00eatait, ce jour-l\u00e0, par un souper d&rsquo;adieu, le d\u00e9part en retraite du cur\u00e9 de la paroisse. Un politicien local \u00e9tait invit\u00e9 pour prononcer un bref discours. Comme il tardait \u00e0 arriver, le pr\u00eatre d\u00e9cide de dire quelques mots pour faire passer le temps \u00e0 ses nombreux paroissiens r\u00e9unis. \u00ab\u00a0La premi\u00e8re impression que j&rsquo;ai eue &hellip; <a href=\"https:\/\/livre.philhotherapie.com\/confession-confidence-politique\/\" class=\"more-link\">Continuer la lecture<span class=\"screen-reader-text\"> de &laquo;&nbsp;Confession, confidence et politique&nbsp;&raquo;<\/span><\/a><\/p>\n","protected":false},"author":15,"featured_media":1225,"comment_status":"open","ping_status":"closed","sticky":false,"template":"","format":"standard","meta":{"inline_featured_image":false},"categories":[26],"tags":[],"yoast_head":"<!-- This site is optimized with the Yoast SEO plugin v19.1 - https:\/\/yoast.com\/wordpress\/plugins\/seo\/ -->\n<title>Confession, confidence et politique - Philhoth\u00e9rapie<\/title>\n<meta name=\"robots\" content=\"index, follow, max-snippet:-1, max-image-preview:large, max-video-preview:-1\" \/>\n<link rel=\"canonical\" href=\"https:\/\/livre.philhotherapie.com\/confession-confidence-politique\/\" \/>\n<meta property=\"og:locale\" content=\"fr_FR\" \/>\n<meta property=\"og:type\" content=\"article\" \/>\n<meta property=\"og:title\" content=\"Confession, confidence et politique - Philhoth\u00e9rapie\" \/>\n<meta property=\"og:description\" content=\"On f\u00eatait, ce jour-l\u00e0, par un souper d&rsquo;adieu, le d\u00e9part en retraite du cur\u00e9 de la paroisse. Un politicien local \u00e9tait invit\u00e9 pour prononcer un bref discours. Comme il tardait \u00e0 arriver, le pr\u00eatre d\u00e9cide de dire quelques mots pour faire passer le temps \u00e0 ses nombreux paroissiens r\u00e9unis. \u00ab\u00a0La premi\u00e8re impression que j&rsquo;ai eue &hellip; Continuer la lecture de &laquo;&nbsp;Confession, confidence et politique&nbsp;&raquo;\" \/>\n<meta property=\"og:url\" content=\"https:\/\/livre.philhotherapie.com\/confession-confidence-politique\/\" \/>\n<meta property=\"og:site_name\" content=\"Philhoth\u00e9rapie\" \/>\n<meta property=\"article:published_time\" content=\"2018-03-06T22:04:13+00:00\" \/>\n<meta property=\"og:image\" content=\"https:\/\/livre.philhotherapie.com\/incl\/uploads\/2018\/03\/Capture4-2.jpg\" \/>\n\t<meta property=\"og:image:width\" content=\"914\" \/>\n\t<meta property=\"og:image:height\" content=\"729\" \/>\n\t<meta property=\"og:image:type\" content=\"image\/jpeg\" \/>\n<meta name=\"twitter:card\" content=\"summary\" \/>\n<meta name=\"twitter:label1\" content=\"\u00c9crit par\" \/>\n\t<meta name=\"twitter:data1\" content=\"Philippe Hoebeke\" \/>\n\t<meta name=\"twitter:label2\" content=\"Dur\u00e9e de lecture estim\u00e9e\" \/>\n\t<meta name=\"twitter:data2\" content=\"1 minute\" \/>\n<script type=\"application\/ld+json\" class=\"yoast-schema-graph\">{\"@context\":\"https:\/\/schema.org\",\"@graph\":[{\"@type\":\"WebSite\",\"@id\":\"https:\/\/livre.philhotherapie.com\/#website\",\"url\":\"https:\/\/livre.philhotherapie.com\/\",\"name\":\"Philhoth\u00e9rapie\",\"description\":\"\",\"potentialAction\":[{\"@type\":\"SearchAction\",\"target\":{\"@type\":\"EntryPoint\",\"urlTemplate\":\"https:\/\/livre.philhotherapie.com\/?s={search_term_string}\"},\"query-input\":\"required name=search_term_string\"}],\"inLanguage\":\"fr-FR\"},{\"@type\":\"ImageObject\",\"inLanguage\":\"fr-FR\",\"@id\":\"https:\/\/livre.philhotherapie.com\/confession-confidence-politique\/#primaryimage\",\"url\":\"https:\/\/livre.philhotherapie.com\/incl\/uploads\/2018\/03\/Capture4-2.jpg\",\"contentUrl\":\"https:\/\/livre.philhotherapie.com\/incl\/uploads\/2018\/03\/Capture4-2.jpg\",\"width\":914,\"height\":729},{\"@type\":\"WebPage\",\"@id\":\"https:\/\/livre.philhotherapie.com\/confession-confidence-politique\/#webpage\",\"url\":\"https:\/\/livre.philhotherapie.com\/confession-confidence-politique\/\",\"name\":\"Confession, confidence et politique - Philhoth\u00e9rapie\",\"isPartOf\":{\"@id\":\"https:\/\/livre.philhotherapie.com\/#website\"},\"primaryImageOfPage\":{\"@id\":\"https:\/\/livre.philhotherapie.com\/confession-confidence-politique\/#primaryimage\"},\"datePublished\":\"2018-03-06T22:04:13+00:00\",\"dateModified\":\"2018-03-06T22:04:13+00:00\",\"author\":{\"@id\":\"https:\/\/livre.philhotherapie.com\/#\/schema\/person\/eaa154ff51229fbd2d001910c04498db\"},\"breadcrumb\":{\"@id\":\"https:\/\/livre.philhotherapie.com\/confession-confidence-politique\/#breadcrumb\"},\"inLanguage\":\"fr-FR\",\"potentialAction\":[{\"@type\":\"ReadAction\",\"target\":[\"https:\/\/livre.philhotherapie.com\/confession-confidence-politique\/\"]}]},{\"@type\":\"BreadcrumbList\",\"@id\":\"https:\/\/livre.philhotherapie.com\/confession-confidence-politique\/#breadcrumb\",\"itemListElement\":[{\"@type\":\"ListItem\",\"position\":1,\"name\":\"Accueil\",\"item\":\"https:\/\/livre.philhotherapie.com\/\"},{\"@type\":\"ListItem\",\"position\":2,\"name\":\"Confession, confidence et politique\"}]},{\"@type\":\"Person\",\"@id\":\"https:\/\/livre.philhotherapie.com\/#\/schema\/person\/eaa154ff51229fbd2d001910c04498db\",\"name\":\"Philippe Hoebeke\",\"image\":{\"@type\":\"ImageObject\",\"inLanguage\":\"fr-FR\",\"@id\":\"https:\/\/livre.philhotherapie.com\/#\/schema\/person\/image\/\",\"url\":\"https:\/\/livre.philhotherapie.com\/incl\/uploads\/2021\/09\/avatar_user_15_1632473870-96x96.jpg\",\"contentUrl\":\"https:\/\/livre.philhotherapie.com\/incl\/uploads\/2021\/09\/avatar_user_15_1632473870-96x96.jpg\",\"caption\":\"Philippe Hoebeke\"},\"url\":\"https:\/\/livre.philhotherapie.com\/profile\/philho63gmail-com\/\"}]}<\/script>\n<!-- \/ Yoast SEO plugin. -->","yoast_head_json":{"title":"Confession, confidence et politique - Philhoth\u00e9rapie","robots":{"index":"index","follow":"follow","max-snippet":"max-snippet:-1","max-image-preview":"max-image-preview:large","max-video-preview":"max-video-preview:-1"},"canonical":"https:\/\/livre.philhotherapie.com\/confession-confidence-politique\/","og_locale":"fr_FR","og_type":"article","og_title":"Confession, confidence et politique - Philhoth\u00e9rapie","og_description":"On f\u00eatait, ce jour-l\u00e0, par un souper d&rsquo;adieu, le d\u00e9part en retraite du cur\u00e9 de la paroisse. Un politicien local \u00e9tait invit\u00e9 pour prononcer un bref discours. Comme il tardait \u00e0 arriver, le pr\u00eatre d\u00e9cide de dire quelques mots pour faire passer le temps \u00e0 ses nombreux paroissiens r\u00e9unis. \u00ab\u00a0La premi\u00e8re impression que j&rsquo;ai eue &hellip; Continuer la lecture de &laquo;&nbsp;Confession, confidence et politique&nbsp;&raquo;","og_url":"https:\/\/livre.philhotherapie.com\/confession-confidence-politique\/","og_site_name":"Philhoth\u00e9rapie","article_published_time":"2018-03-06T22:04:13+00:00","og_image":[{"width":914,"height":729,"url":"https:\/\/livre.philhotherapie.com\/incl\/uploads\/2018\/03\/Capture4-2.jpg","type":"image\/jpeg"}],"twitter_card":"summary","twitter_misc":{"\u00c9crit par":"Philippe Hoebeke","Dur\u00e9e de lecture estim\u00e9e":"1 minute"},"schema":{"@context":"https:\/\/schema.org","@graph":[{"@type":"WebSite","@id":"https:\/\/livre.philhotherapie.com\/#website","url":"https:\/\/livre.philhotherapie.com\/","name":"Philhoth\u00e9rapie","description":"","potentialAction":[{"@type":"SearchAction","target":{"@type":"EntryPoint","urlTemplate":"https:\/\/livre.philhotherapie.com\/?s={search_term_string}"},"query-input":"required name=search_term_string"}],"inLanguage":"fr-FR"},{"@type":"ImageObject","inLanguage":"fr-FR","@id":"https:\/\/livre.philhotherapie.com\/confession-confidence-politique\/#primaryimage","url":"https:\/\/livre.philhotherapie.com\/incl\/uploads\/2018\/03\/Capture4-2.jpg","contentUrl":"https:\/\/livre.philhotherapie.com\/incl\/uploads\/2018\/03\/Capture4-2.jpg","width":914,"height":729},{"@type":"WebPage","@id":"https:\/\/livre.philhotherapie.com\/confession-confidence-politique\/#webpage","url":"https:\/\/livre.philhotherapie.com\/confession-confidence-politique\/","name":"Confession, confidence et politique - Philhoth\u00e9rapie","isPartOf":{"@id":"https:\/\/livre.philhotherapie.com\/#website"},"primaryImageOfPage":{"@id":"https:\/\/livre.philhotherapie.com\/confession-confidence-politique\/#primaryimage"},"datePublished":"2018-03-06T22:04:13+00:00","dateModified":"2018-03-06T22:04:13+00:00","author":{"@id":"https:\/\/livre.philhotherapie.com\/#\/schema\/person\/eaa154ff51229fbd2d001910c04498db"},"breadcrumb":{"@id":"https:\/\/livre.philhotherapie.com\/confession-confidence-politique\/#breadcrumb"},"inLanguage":"fr-FR","potentialAction":[{"@type":"ReadAction","target":["https:\/\/livre.philhotherapie.com\/confession-confidence-politique\/"]}]},{"@type":"BreadcrumbList","@id":"https:\/\/livre.philhotherapie.com\/confession-confidence-politique\/#breadcrumb","itemListElement":[{"@type":"ListItem","position":1,"name":"Accueil","item":"https:\/\/livre.philhotherapie.com\/"},{"@type":"ListItem","position":2,"name":"Confession, confidence et politique"}]},{"@type":"Person","@id":"https:\/\/livre.philhotherapie.com\/#\/schema\/person\/eaa154ff51229fbd2d001910c04498db","name":"Philippe Hoebeke","image":{"@type":"ImageObject","inLanguage":"fr-FR","@id":"https:\/\/livre.philhotherapie.com\/#\/schema\/person\/image\/","url":"https:\/\/livre.philhotherapie.com\/incl\/uploads\/2021\/09\/avatar_user_15_1632473870-96x96.jpg","contentUrl":"https:\/\/livre.philhotherapie.com\/incl\/uploads\/2021\/09\/avatar_user_15_1632473870-96x96.jpg","caption":"Philippe Hoebeke"},"url":"https:\/\/livre.philhotherapie.com\/profile\/philho63gmail-com\/"}]}},"acf":[],"_links":{"self":[{"href":"https:\/\/livre.philhotherapie.com\/rest_api\/wp\/v2\/posts\/1224"}],"collection":[{"href":"https:\/\/livre.philhotherapie.com\/rest_api\/wp\/v2\/posts"}],"about":[{"href":"https:\/\/livre.philhotherapie.com\/rest_api\/wp\/v2\/types\/post"}],"author":[{"embeddable":true,"href":"https:\/\/livre.philhotherapie.com\/rest_api\/wp\/v2\/users\/15"}],"replies":[{"embeddable":true,"href":"https:\/\/livre.philhotherapie.com\/rest_api\/wp\/v2\/comments?post=1224"}],"version-history":[{"count":1,"href":"https:\/\/livre.philhotherapie.com\/rest_api\/wp\/v2\/posts\/1224\/revisions"}],"predecessor-version":[{"id":1226,"href":"https:\/\/livre.philhotherapie.com\/rest_api\/wp\/v2\/posts\/1224\/revisions\/1226"}],"wp:featuredmedia":[{"embeddable":true,"href":"https:\/\/livre.philhotherapie.com\/rest_api\/wp\/v2\/media\/1225"}],"wp:attachment":[{"href":"https:\/\/livre.philhotherapie.com\/rest_api\/wp\/v2\/media?parent=1224"}],"wp:term":[{"taxonomy":"category","embeddable":true,"href":"https:\/\/livre.philhotherapie.com\/rest_api\/wp\/v2\/categories?post=1224"},{"taxonomy":"post_tag","embeddable":true,"href":"https:\/\/livre.philhotherapie.com\/rest_api\/wp\/v2\/tags?post=1224"}],"curies":[{"name":"wp","href":"https:\/\/api.w.org\/{rel}","templated":true}]}}