{"id":1147,"date":"2018-02-25T02:17:38","date_gmt":"2018-02-25T01:17:38","guid":{"rendered":"https:\/\/livre.philhotherapie.com\/?p=1147"},"modified":"2018-02-25T02:17:38","modified_gmt":"2018-02-25T01:17:38","slug":"etre-en-paix","status":"publish","type":"post","link":"https:\/\/livre.philhotherapie.com\/etre-en-paix\/","title":{"rendered":"\u00caTRE en PAIX"},"content":{"rendered":"<p><strong>\u00caTRE en PAIX<\/strong><\/p>\n<p><em>par Sylvain Didelot<\/em><\/p>\n<p>Il nous a \u00e9t\u00e9 souvent demand\u00e9 de comprendre ce que la PAIX en soi pouvait faire sur le monde.<\/p>\n<p>Beaucoup d\u2019entre vous se sont appropri\u00e9 la paix comme \u00e9tant un \u00e9tat transitoire de la conscience. Cela n\u2019est pas tellement l\u2019id\u00e9e que nous souhaitons \u00e9voquer quand nous parlons d\u2019un Espace de Paix.<\/p>\n<p>La paix est une caract\u00e9ristique d\u00e9j\u00e0 pr\u00e9sente dans L\u2019Esprit Saint. Ainsi, lorsque vous \u00eates en \u00e9tat de paix, cela signifie avant tout que vous avez rejoint \u00ab ce qui est en paix \u00bb en vous. Nous avons d\u00e9j\u00e0 exprim\u00e9 cela mais c\u2019est tr\u00e8s important.<\/p>\n<p>Votre Pr\u00e9sence repr\u00e9sentera toujours le calme \u00e0 l\u2019int\u00e9rieur du cyclone de votre conscience pensante.<\/p>\n<p>La paix qui r\u00e9side en vous vous propose toujours les m\u00eames mots \u00ab je t\u2019aime et tout va bien \u00bb. Ces mots qui sont prononc\u00e9s, souvent en \u00e9nergie et non en mots prononc\u00e9s, ces mots sont pr\u00e9sents pour rappeler le sens de l\u2019exp\u00e9rience de vie qui est la v\u00f4tre. Le jeu dans le monde de l\u2019action et non le \u00ab JE \u00bb dans le monde des \u00ab r\u00e9actions \u00bb.<\/p>\n<p>Ainsi, rejoindre votre Espace de Paix, c\u2019est rejoindre cette part de vous-m\u00eame qui est Stable, Qui ne juge pas, Qui EST\u2026.<\/p>\n<p>Simplement, en PAIX avec tout ce qui EST comme \u00e9tant une seule et m\u00eame chose.<\/p>\n<p>Cela est important dans une \u00e9poque o\u00f9 les bouleversements internes et externes vous semblent si nombreux. La Paix en \u00ab chaque UN \u00bb est la Paix de l\u2019unit\u00e9. Ainsi, travailler sur vous est aussi travailler sur la vision du monde et participe intens\u00e9ment \u00e0 modifier l\u2019image du monde dans lequel vous vivez.<\/p>\n<p>Cela change VOTRE monde et pas celui du voisin qui a ses propres choix et voyage de monde en monde au gr\u00e9 de SES choix. Alors, voyez-vous mieux l\u2019importance de la PAIX en vous, car vous \u00eates votre exp\u00e9rience enti\u00e8re. Et si en contactant la Paix en vous, vous continuez \u00e0 voir la guerre \u00e0 l\u2019ext\u00e9rieur, c\u2019est que vous accordez plus de place au conflit qu\u2019\u00e0 la PAIX.<\/p>\n<p>Quand la Paix sera votre \u00e9tat, vous ne percevrez plus la guerre comme un acte horrible mais comme un \u00ab possible \u00bb que l\u2019humanit\u00e9 s\u2019accorde pour se transformer. Mais vous, vous-m\u00eame, vous serez en incarnation au milieu du cyclone de l\u2019existence.<\/p>\n<p>En Paix\u2026. Toujours.<\/p>\n","protected":false},"excerpt":{"rendered":"<p>\u00caTRE en PAIX par Sylvain Didelot Il nous a \u00e9t\u00e9 souvent demand\u00e9 de comprendre ce que la PAIX en soi pouvait faire sur le monde. Beaucoup d\u2019entre vous se sont appropri\u00e9 la paix comme \u00e9tant un \u00e9tat transitoire de la conscience. Cela n\u2019est pas tellement l\u2019id\u00e9e que nous souhaitons \u00e9voquer quand nous parlons d\u2019un Espace &hellip; <a href=\"https:\/\/livre.philhotherapie.com\/etre-en-paix\/\" class=\"more-link\">Continuer la lecture<span class=\"screen-reader-text\"> de &laquo;&nbsp;\u00caTRE en PAIX&nbsp;&raquo;<\/span><\/a><\/p>\n","protected":false},"author":15,"featured_media":1148,"comment_status":"open","ping_status":"closed","sticky":false,"template":"","format":"standard","meta":{"inline_featured_image":false},"categories":[21],"tags":[],"yoast_head":"<!-- This site is optimized with the Yoast SEO plugin v19.1 - https:\/\/yoast.com\/wordpress\/plugins\/seo\/ -->\n<title>\u00caTRE en PAIX - Philhoth\u00e9rapie<\/title>\n<meta name=\"robots\" content=\"index, follow, max-snippet:-1, max-image-preview:large, max-video-preview:-1\" \/>\n<link rel=\"canonical\" href=\"https:\/\/livre.philhotherapie.com\/etre-en-paix\/\" \/>\n<meta property=\"og:locale\" content=\"fr_FR\" \/>\n<meta property=\"og:type\" content=\"article\" \/>\n<meta property=\"og:title\" content=\"\u00caTRE en PAIX - Philhoth\u00e9rapie\" \/>\n<meta property=\"og:description\" content=\"\u00caTRE en PAIX par Sylvain Didelot Il nous a \u00e9t\u00e9 souvent demand\u00e9 de comprendre ce que la PAIX en soi pouvait faire sur le monde. Beaucoup d\u2019entre vous se sont appropri\u00e9 la paix comme \u00e9tant un \u00e9tat transitoire de la conscience. Cela n\u2019est pas tellement l\u2019id\u00e9e que nous souhaitons \u00e9voquer quand nous parlons d\u2019un Espace &hellip; Continuer la lecture de &laquo;&nbsp;\u00caTRE en PAIX&nbsp;&raquo;\" \/>\n<meta property=\"og:url\" content=\"https:\/\/livre.philhotherapie.com\/etre-en-paix\/\" \/>\n<meta property=\"og:site_name\" content=\"Philhoth\u00e9rapie\" \/>\n<meta property=\"article:published_time\" content=\"2018-02-25T01:17:38+00:00\" \/>\n<meta property=\"og:image\" content=\"https:\/\/livre.philhotherapie.com\/incl\/uploads\/2018\/02\/meditation-1-29.jpg\" \/>\n\t<meta property=\"og:image:width\" content=\"850\" \/>\n\t<meta property=\"og:image:height\" content=\"315\" \/>\n\t<meta property=\"og:image:type\" content=\"image\/jpeg\" \/>\n<meta name=\"twitter:card\" content=\"summary\" \/>\n<meta name=\"twitter:label1\" content=\"\u00c9crit par\" \/>\n\t<meta name=\"twitter:data1\" content=\"Philippe Hoebeke\" \/>\n\t<meta name=\"twitter:label2\" content=\"Dur\u00e9e de lecture estim\u00e9e\" \/>\n\t<meta name=\"twitter:data2\" content=\"2 minutes\" \/>\n<script type=\"application\/ld+json\" class=\"yoast-schema-graph\">{\"@context\":\"https:\/\/schema.org\",\"@graph\":[{\"@type\":\"WebSite\",\"@id\":\"https:\/\/livre.philhotherapie.com\/#website\",\"url\":\"https:\/\/livre.philhotherapie.com\/\",\"name\":\"Philhoth\u00e9rapie\",\"description\":\"\",\"potentialAction\":[{\"@type\":\"SearchAction\",\"target\":{\"@type\":\"EntryPoint\",\"urlTemplate\":\"https:\/\/livre.philhotherapie.com\/?s={search_term_string}\"},\"query-input\":\"required name=search_term_string\"}],\"inLanguage\":\"fr-FR\"},{\"@type\":\"ImageObject\",\"inLanguage\":\"fr-FR\",\"@id\":\"https:\/\/livre.philhotherapie.com\/etre-en-paix\/#primaryimage\",\"url\":\"https:\/\/livre.philhotherapie.com\/incl\/uploads\/2018\/02\/meditation-1-29.jpg\",\"contentUrl\":\"https:\/\/livre.philhotherapie.com\/incl\/uploads\/2018\/02\/meditation-1-29.jpg\",\"width\":850,\"height\":315},{\"@type\":\"WebPage\",\"@id\":\"https:\/\/livre.philhotherapie.com\/etre-en-paix\/#webpage\",\"url\":\"https:\/\/livre.philhotherapie.com\/etre-en-paix\/\",\"name\":\"\u00caTRE en PAIX - Philhoth\u00e9rapie\",\"isPartOf\":{\"@id\":\"https:\/\/livre.philhotherapie.com\/#website\"},\"primaryImageOfPage\":{\"@id\":\"https:\/\/livre.philhotherapie.com\/etre-en-paix\/#primaryimage\"},\"datePublished\":\"2018-02-25T01:17:38+00:00\",\"dateModified\":\"2018-02-25T01:17:38+00:00\",\"author\":{\"@id\":\"https:\/\/livre.philhotherapie.com\/#\/schema\/person\/eaa154ff51229fbd2d001910c04498db\"},\"breadcrumb\":{\"@id\":\"https:\/\/livre.philhotherapie.com\/etre-en-paix\/#breadcrumb\"},\"inLanguage\":\"fr-FR\",\"potentialAction\":[{\"@type\":\"ReadAction\",\"target\":[\"https:\/\/livre.philhotherapie.com\/etre-en-paix\/\"]}]},{\"@type\":\"BreadcrumbList\",\"@id\":\"https:\/\/livre.philhotherapie.com\/etre-en-paix\/#breadcrumb\",\"itemListElement\":[{\"@type\":\"ListItem\",\"position\":1,\"name\":\"Accueil\",\"item\":\"https:\/\/livre.philhotherapie.com\/\"},{\"@type\":\"ListItem\",\"position\":2,\"name\":\"\u00caTRE en PAIX\"}]},{\"@type\":\"Person\",\"@id\":\"https:\/\/livre.philhotherapie.com\/#\/schema\/person\/eaa154ff51229fbd2d001910c04498db\",\"name\":\"Philippe Hoebeke\",\"image\":{\"@type\":\"ImageObject\",\"inLanguage\":\"fr-FR\",\"@id\":\"https:\/\/livre.philhotherapie.com\/#\/schema\/person\/image\/\",\"url\":\"https:\/\/livre.philhotherapie.com\/incl\/uploads\/2021\/09\/avatar_user_15_1632473870-96x96.jpg\",\"contentUrl\":\"https:\/\/livre.philhotherapie.com\/incl\/uploads\/2021\/09\/avatar_user_15_1632473870-96x96.jpg\",\"caption\":\"Philippe Hoebeke\"},\"url\":\"https:\/\/livre.philhotherapie.com\/profile\/philho63gmail-com\/\"}]}<\/script>\n<!-- \/ Yoast SEO plugin. -->","yoast_head_json":{"title":"\u00caTRE en PAIX - Philhoth\u00e9rapie","robots":{"index":"index","follow":"follow","max-snippet":"max-snippet:-1","max-image-preview":"max-image-preview:large","max-video-preview":"max-video-preview:-1"},"canonical":"https:\/\/livre.philhotherapie.com\/etre-en-paix\/","og_locale":"fr_FR","og_type":"article","og_title":"\u00caTRE en PAIX - Philhoth\u00e9rapie","og_description":"\u00caTRE en PAIX par Sylvain Didelot Il nous a \u00e9t\u00e9 souvent demand\u00e9 de comprendre ce que la PAIX en soi pouvait faire sur le monde. Beaucoup d\u2019entre vous se sont appropri\u00e9 la paix comme \u00e9tant un \u00e9tat transitoire de la conscience. Cela n\u2019est pas tellement l\u2019id\u00e9e que nous souhaitons \u00e9voquer quand nous parlons d\u2019un Espace &hellip; Continuer la lecture de &laquo;&nbsp;\u00caTRE en PAIX&nbsp;&raquo;","og_url":"https:\/\/livre.philhotherapie.com\/etre-en-paix\/","og_site_name":"Philhoth\u00e9rapie","article_published_time":"2018-02-25T01:17:38+00:00","og_image":[{"width":850,"height":315,"url":"https:\/\/livre.philhotherapie.com\/incl\/uploads\/2018\/02\/meditation-1-29.jpg","type":"image\/jpeg"}],"twitter_card":"summary","twitter_misc":{"\u00c9crit par":"Philippe Hoebeke","Dur\u00e9e de lecture estim\u00e9e":"2 minutes"},"schema":{"@context":"https:\/\/schema.org","@graph":[{"@type":"WebSite","@id":"https:\/\/livre.philhotherapie.com\/#website","url":"https:\/\/livre.philhotherapie.com\/","name":"Philhoth\u00e9rapie","description":"","potentialAction":[{"@type":"SearchAction","target":{"@type":"EntryPoint","urlTemplate":"https:\/\/livre.philhotherapie.com\/?s={search_term_string}"},"query-input":"required name=search_term_string"}],"inLanguage":"fr-FR"},{"@type":"ImageObject","inLanguage":"fr-FR","@id":"https:\/\/livre.philhotherapie.com\/etre-en-paix\/#primaryimage","url":"https:\/\/livre.philhotherapie.com\/incl\/uploads\/2018\/02\/meditation-1-29.jpg","contentUrl":"https:\/\/livre.philhotherapie.com\/incl\/uploads\/2018\/02\/meditation-1-29.jpg","width":850,"height":315},{"@type":"WebPage","@id":"https:\/\/livre.philhotherapie.com\/etre-en-paix\/#webpage","url":"https:\/\/livre.philhotherapie.com\/etre-en-paix\/","name":"\u00caTRE en PAIX - Philhoth\u00e9rapie","isPartOf":{"@id":"https:\/\/livre.philhotherapie.com\/#website"},"primaryImageOfPage":{"@id":"https:\/\/livre.philhotherapie.com\/etre-en-paix\/#primaryimage"},"datePublished":"2018-02-25T01:17:38+00:00","dateModified":"2018-02-25T01:17:38+00:00","author":{"@id":"https:\/\/livre.philhotherapie.com\/#\/schema\/person\/eaa154ff51229fbd2d001910c04498db"},"breadcrumb":{"@id":"https:\/\/livre.philhotherapie.com\/etre-en-paix\/#breadcrumb"},"inLanguage":"fr-FR","potentialAction":[{"@type":"ReadAction","target":["https:\/\/livre.philhotherapie.com\/etre-en-paix\/"]}]},{"@type":"BreadcrumbList","@id":"https:\/\/livre.philhotherapie.com\/etre-en-paix\/#breadcrumb","itemListElement":[{"@type":"ListItem","position":1,"name":"Accueil","item":"https:\/\/livre.philhotherapie.com\/"},{"@type":"ListItem","position":2,"name":"\u00caTRE en PAIX"}]},{"@type":"Person","@id":"https:\/\/livre.philhotherapie.com\/#\/schema\/person\/eaa154ff51229fbd2d001910c04498db","name":"Philippe Hoebeke","image":{"@type":"ImageObject","inLanguage":"fr-FR","@id":"https:\/\/livre.philhotherapie.com\/#\/schema\/person\/image\/","url":"https:\/\/livre.philhotherapie.com\/incl\/uploads\/2021\/09\/avatar_user_15_1632473870-96x96.jpg","contentUrl":"https:\/\/livre.philhotherapie.com\/incl\/uploads\/2021\/09\/avatar_user_15_1632473870-96x96.jpg","caption":"Philippe Hoebeke"},"url":"https:\/\/livre.philhotherapie.com\/profile\/philho63gmail-com\/"}]}},"acf":[],"_links":{"self":[{"href":"https:\/\/livre.philhotherapie.com\/rest_api\/wp\/v2\/posts\/1147"}],"collection":[{"href":"https:\/\/livre.philhotherapie.com\/rest_api\/wp\/v2\/posts"}],"about":[{"href":"https:\/\/livre.philhotherapie.com\/rest_api\/wp\/v2\/types\/post"}],"author":[{"embeddable":true,"href":"https:\/\/livre.philhotherapie.com\/rest_api\/wp\/v2\/users\/15"}],"replies":[{"embeddable":true,"href":"https:\/\/livre.philhotherapie.com\/rest_api\/wp\/v2\/comments?post=1147"}],"version-history":[{"count":1,"href":"https:\/\/livre.philhotherapie.com\/rest_api\/wp\/v2\/posts\/1147\/revisions"}],"predecessor-version":[{"id":1149,"href":"https:\/\/livre.philhotherapie.com\/rest_api\/wp\/v2\/posts\/1147\/revisions\/1149"}],"wp:featuredmedia":[{"embeddable":true,"href":"https:\/\/livre.philhotherapie.com\/rest_api\/wp\/v2\/media\/1148"}],"wp:attachment":[{"href":"https:\/\/livre.philhotherapie.com\/rest_api\/wp\/v2\/media?parent=1147"}],"wp:term":[{"taxonomy":"category","embeddable":true,"href":"https:\/\/livre.philhotherapie.com\/rest_api\/wp\/v2\/categories?post=1147"},{"taxonomy":"post_tag","embeddable":true,"href":"https:\/\/livre.philhotherapie.com\/rest_api\/wp\/v2\/tags?post=1147"}],"curies":[{"name":"wp","href":"https:\/\/api.w.org\/{rel}","templated":true}]}}