{"id":1057,"date":"2018-02-21T15:29:43","date_gmt":"2018-02-21T14:29:43","guid":{"rendered":"https:\/\/livre.philhotherapie.com\/?p=1057"},"modified":"2018-02-21T15:45:59","modified_gmt":"2018-02-21T14:45:59","slug":"1057-2","status":"publish","type":"post","link":"https:\/\/livre.philhotherapie.com\/1057-2\/","title":{"rendered":"Tout petit je r\u00eavais de voyager !"},"content":{"rendered":"<p>La g\u00e9n\u00e9ration Y, un nouvel id\u00e9al de vie ?<\/p>\n<p>J\u2019ai regard\u00e9 pas mal de reportages et lu quelques \u00e9tudes sur la g\u00e9n\u00e9ration Y, g\u00e9n\u00e9ration dont je fais partie, \u00e9tant n\u00e9 en\u00a01993. Tout \u00e7a cogitait dans ma petite t\u00eate, jusqu\u2019\u00e0 cette conversation cet \u00e9t\u00e9 avec ma grand-m\u00e8re qui m\u2019a confirm\u00e9 quelques faits que j\u2019ai envie de partager avec vous.<\/p>\n<p>La g\u00e9n\u00e9ration Y, un nouvel id\u00e9al de vie ?<\/p>\n<p>D&rsquo;apr\u00e8s un texte d&rsquo;Antoine, globetrotter inv\u00e9t\u00e9r\u00e9 de 23 ans&#8230;<\/p>\n<p><em>J\u2019annon\u00e7ais donc \u00e0 ma grand-m\u00e8re notre d\u00e9part avec Amandine pour un\u00a0tour du monde \u00e0 la fin de l\u2019ann\u00e9e\u2026<\/em><\/p>\n<p>J\u2019ai lu alors l\u2019incompr\u00e9hension sur son visage. Mais pas la m\u00eame que pour le premier tour du monde effectu\u00e9 \u00e0 mes 18 ans. Son expression ne traduisait plus \u00ab<strong><em>Quelle est cette id\u00e9e?<\/em><\/strong>\u00bb mais d\u00e9sormais:\u00a0\u00ab<strong><em>Pourquoi se maintient-il dans cette id\u00e9e<\/em><\/strong>?\u00bb.<\/p>\n<p>Elle m\u2019a alors pos\u00e9 la totalit\u00e9 des questions suivantes:<\/p>\n<p>Tu ne veux pas Antoine te lancer enfin dans un m\u00e9tier ?<\/p>\n<p>Tu ne mets pas d\u2019argent de c\u00f4t\u00e9 pour ton avenir ?<\/p>\n<p>A 24 ans tu n\u2019auras pas de chez toi ?<\/p>\n<p>Quand tu rentreras tu seras toujours au m\u00eame point de d\u00e9part ?<\/p>\n<p>Tu ne veux pas faire comme tout le monde ?<\/p>\n<p>Tu ne penses pas devoir te cr\u00e9er une situation ?<\/p>\n<p>Je lui ai dit \u00e0 nouveau que je n\u2019aspirais pas \u00e0 tout cela. Pour le moment je demandais \u00e0 apprendre de la vie, \u00e0 conna\u00eetre ce monde, \u00e0 vivre des exp\u00e9riences, me cr\u00e9er des souvenirs et vivre de fortes \u00e9motions.<\/p>\n<p>Mais cela ne suffisait pas, elle cherchait toujours\u00a0\u00e0 comprendre mon raisonnement. Je voyais ma petite mamie perturb\u00e9e, elle me demandait comment je voyais les choses, sans parvenir \u00e0 comprendre. Je lui ai expliqu\u00e9 que cette incompr\u00e9hension \u00e9tait accentu\u00e9e par la diff\u00e9rence de g\u00e9n\u00e9ration. Le monde change. Les mentalit\u00e9s aussi, les objectifs et sources de satisfaction changent \u00e9galement.\u00a0Je lui ai alors parl\u00e9 de la g\u00e9n\u00e9ration Y\u2026La g\u00e9n\u00e9ration qui a tout mais qui ne vie rien La g\u00e9n\u00e9ration Y, celle qui a\u00a0un acc\u00e8s facile \u00e0 toutes sortes d\u2019informations, sans n\u2019avoir rien connu. G\u00e9n\u00e9ration qui n\u2019a pas v\u00e9cu\u00a0la guerre ni la crise, qui est n\u00e9e \u00e0 une \u00e9poque la plus stable qui soit. G\u00e9n\u00e9ration qui n\u2019a pas connu d\u2019exp\u00e9rience forte, ni rien v\u00e9cu d\u2019exceptionnel. G\u00e9n\u00e9ration qui n\u2019a pas cr\u00e9\u00e9 son objectif de vie, mais qui la re\u00e7u sans grandes motivations.<\/p>\n<p><strong>La g\u00e9n\u00e9ration qui a tout mais qui ne vie rien !<\/strong><\/p>\n<p>La g\u00e9n\u00e9ration Y, celle qui a\u00a0un acc\u00e8s facile \u00e0 toutes sortes d\u2019informations, sans n\u2019avoir rien connu. G\u00e9n\u00e9ration qui n\u2019a pas v\u00e9cu\u00a0la guerre ni la crise, qui est n\u00e9e \u00e0 une \u00e9poque la plus stable qui soit. G\u00e9n\u00e9ration qui n\u2019a pas connu d\u2019exp\u00e9rience forte, ni rien v\u00e9cu d\u2019exceptionnel. G\u00e9n\u00e9ration qui n\u2019a pas cr\u00e9\u00e9 son objectif de vie, mais qui la re\u00e7u sans grandes motivations. G\u00e9n\u00e9ration qui a\u00a0tout, mais qui ne vit rien.<\/p>\n<p><strong>A chaque\u00a0g\u00e9n\u00e9ration son id\u00e9al.<\/strong><\/p>\n<p>La g\u00e9n\u00e9ration de ma grand-m\u00e8re sortait de la guerre. A l\u2019\u00e9poque, il \u00e9tait normal pour un couple d\u2019avoir comme id\u00e9al de vie de b\u00e2tir un chez-soi et de l\u2019approvisionner. C\u2019\u00e9tait alors l\u2019objectif de beaucoup de gens et nos grands-parents ont tout fait pour l\u2019atteindre.<\/p>\n<p><strong>Ensuite nos parents sont arriv\u00e9s.<\/strong><\/p>\n<p>La soci\u00e9t\u00e9 \u00e9voluant, le niveau de vie et les mentalit\u00e9s aussi, le nouveau r\u00eave de vie n\u2019\u00e9tait plus seulement de b\u00e2tir un foyer, mais d\u2019avoir une situation stable et d\u2019accumuler des biens physiques, en consommant toujours plus. Je per\u00e7ois, pour ma part cet objectif de vie que l\u2019on tente de nous imposer, comme le fait de devoir construire un empire plus gros que celui du voisin.<\/p>\n<p><strong>Une voie toute trac\u00e9e.<\/strong><\/p>\n<p>Nous, la g\u00e9n\u00e9ration Y, nous sommes n\u00e9s dans ce r\u00eave de vie atteint par nos parents. Depuis qu\u2019on est gamin on nous dit qu\u2019il va falloir choisir une voie d\u2019\u00e9tude, pour se sp\u00e9cialiser dans une branche dans laquelle on travaillera toute notre vie. On nous dit qu\u2019il faudra donner le maximum de nous-m\u00eame pour \u00e9voluer dans notre\u00a0m\u00e9tier. Qu\u2019il faudra acheter une maison avec grand jardin. D\u00e9corer notre maison \u00e0 la mani\u00e8re de D\u00e9co et compagnie\u2026 Bref, une vie de travail pour avoir le droit de consommer le soir en sortant du boulot.<\/p>\n<p><strong><em>\u00a0<\/em><\/strong><strong><em>Mais pourquoi nous battre toute notre vie pour un id\u00e9al qui n\u2019est pas le n\u00f4tre ? Pourquoi devrions-nous continuer de vivre le r\u00eave de nos parents ?<\/em><\/strong><\/p>\n<p>Nous sommes une g\u00e9n\u00e9ration lass\u00e9e de cette vie, une g\u00e9n\u00e9ration voulant vivre notre part d\u2019exp\u00e9rience, vivre notre propre r\u00eave. Pourquoi ne pourrions-nous pas vivre quelque chose de nouveau ?<\/p>\n<p><strong>La g\u00e9n\u00e9ration \u00ab<em>pourquoi ?<\/em>\u00bb<\/strong><\/p>\n<p>C\u2019est marrant je viens de demander \u00ab<strong><em> pourquoi ? <\/em><\/strong>\u00bb. On dit aussi de la g\u00e9n\u00e9ration Y, qu\u2019elle est la g\u00e9n\u00e9ration \u00ab<strong><em>Why?<\/em><\/strong>\u00bb, la g\u00e9n\u00e9ration \u00ab<strong><em>Pourquoi ?<\/em><\/strong>\u00bb. Les \u00e9tudes r\u00e9v\u00e8lent que la tendance de cette g\u00e9n\u00e9ration Y, est de chercher \u00e0 comprendre, de vouloir savoir pourquoi\u2026 A l\u2019\u00e9cole, pourquoi j\u2019apprends tel sujet ? Au travail, pourquoi je dois faire \u00e7a ? Nous sommes l\u00e0, \u00e0 toujours demander pourquoi, \u00e0 toujours nous questionner, \u00e0 remettre les choses en question.<\/p>\n<p><strong>La g\u00e9n\u00e9ration Internet<\/strong><\/p>\n<p>Depuis tout petit, \u00e0 l\u2019\u00e9cole on nous apprend de tout et de rien. On parle de plein de choses, on \u00e9tudie plein de faits mais sans savoir pourquoi.<\/p>\n<p>Nous sommes une g\u00e9n\u00e9ration n\u00e9e dans l\u2019Internet, cette ouverture sur le monde qui nous permet de voir les choses autrement. La curiosit\u00e9 est grande, nous voulons savoir le pourquoi de tout \u00e7a ? Pourquoi la vie ? Pourquoi Moi ? Nous ne sommes pas satisfaits par les r\u00e9ponses qui nous sont donn\u00e9es.<\/p>\n<p>La g\u00e9n\u00e9ration Y est n\u00e9e avec de nouvelles valeurs, comme l\u2019\u00e9cologie, le partage et l\u2019\u00e9galit\u00e9 des peuples. Nous aspirons \u00e0 de nouvelles fa\u00e7ons de vivre nos vies. Nous voulons du changement. Nous sommes \u00e0 la fois une g\u00e9n\u00e9ration qui adopte et se lasse vite. Une g\u00e9n\u00e9ration en changement perp\u00e9tuel, qui a besoin de vivre toujours quelque chose de plus. Nous voulons profiter de la vie, vivre d\u2019impr\u00e9vu, d\u2019adr\u00e9naline, de sensations et d\u2019\u00e9motions.<\/p>\n<p><strong>Un besoin\u00a0de libert\u00e9<\/strong><\/p>\n<p>On a besoin de s\u2019\u00e9vader de cette vie st\u00e9rile qui petit \u00e0 petit nous zombifie et nous fait oublier nos r\u00eaves. La preuve, de plus en plus de jeune s\u2019\u00e9chappent\u00a0dans des\u00a0mondes virtuels avec les jeux vid\u00e9o, d\u2019autres passent leur temps sur le net, \u00e0 travers photos, reportages vid\u00e9os\u2026<\/p>\n<p>Nous voulons faire nos propres exp\u00e9riences de vie et nous avons compris qu\u2019elles ne viendront pas toutes seules. Alors nous partons les chercher nous-m\u00eames. En plus de cela, nous vivons en France, dans un syst\u00e8me de plus en plus lourd \u00e0 vivre au quotidien, toujours plus r\u00e9prim\u00e9, surveill\u00e9. Il y a de plus en plus de normes. La vie est de plus en plus cod\u00e9e, donnant la sensation d\u2019\u00eatre enferm\u00e9. On a besoin de s\u2019enfuir et retrouver sa libert\u00e9.<\/p>\n<p><strong>Vivres ses propres exp\u00e9riences<\/strong><\/p>\n<p>Voil\u00e0 pourquoi aujourd\u2019hui les jeunes ne r\u00eavent plus d\u2019acheter une grande maison et une belle voiture. Ils pr\u00e9f\u00e8rent utiliser leur argent pour vivre des exp\u00e9riences, vivre des sensations et ressentir des \u00e9motions, se cr\u00e9ant ainsi des souvenirs de vie.<\/p>\n<p>C\u2019est comme \u00e7a, que j\u2019expliquais \u00e0 ma grand-m\u00e8re que petit \u00e0 petit, la g\u00e9n\u00e9ration Y partait de plus en plus en voyage. Que chez les jeunes d\u2019aujourd\u2019hui le \u00ab r\u00eave de vie \u00bb est en train de changer, et que notre nouvel id\u00e9al est\u00a0de \u00ab vivre un maximum d\u2019exp\u00e9rience au jour le jour \u00bb.<\/p>\n<p>Namast\u00e9<\/p>\n<p>&nbsp;<\/p>\n<p>&nbsp;<\/p>\n<p>&nbsp;<\/p>\n<p>&nbsp;<\/p>\n<p>&nbsp;<\/p>\n<p>&nbsp;<\/p>\n<p>&nbsp;<\/p>\n","protected":false},"excerpt":{"rendered":"<p>La g\u00e9n\u00e9ration Y, un nouvel id\u00e9al de vie ? J\u2019ai regard\u00e9 pas mal de reportages et lu quelques \u00e9tudes sur la g\u00e9n\u00e9ration Y, g\u00e9n\u00e9ration dont je fais partie, \u00e9tant n\u00e9 en\u00a01993. Tout \u00e7a cogitait dans ma petite t\u00eate, jusqu\u2019\u00e0 cette conversation cet \u00e9t\u00e9 avec ma grand-m\u00e8re qui m\u2019a confirm\u00e9 quelques faits que j\u2019ai envie de &hellip; <a href=\"https:\/\/livre.philhotherapie.com\/1057-2\/\" class=\"more-link\">Continuer la lecture<span class=\"screen-reader-text\"> de &laquo;&nbsp;Tout petit je r\u00eavais de voyager !&nbsp;&raquo;<\/span><\/a><\/p>\n","protected":false},"author":15,"featured_media":1058,"comment_status":"open","ping_status":"closed","sticky":false,"template":"","format":"standard","meta":{"inline_featured_image":false},"categories":[1],"tags":[],"yoast_head":"<!-- This site is optimized with the Yoast SEO plugin v19.1 - https:\/\/yoast.com\/wordpress\/plugins\/seo\/ -->\n<title>Tout petit je r\u00eavais de voyager ! - Philhoth\u00e9rapie<\/title>\n<meta name=\"robots\" content=\"index, follow, max-snippet:-1, max-image-preview:large, max-video-preview:-1\" \/>\n<link rel=\"canonical\" href=\"https:\/\/livre.philhotherapie.com\/1057-2\/\" \/>\n<meta property=\"og:locale\" content=\"fr_FR\" \/>\n<meta property=\"og:type\" content=\"article\" \/>\n<meta property=\"og:title\" content=\"Tout petit je r\u00eavais de voyager ! - Philhoth\u00e9rapie\" \/>\n<meta property=\"og:description\" content=\"La g\u00e9n\u00e9ration Y, un nouvel id\u00e9al de vie ? J\u2019ai regard\u00e9 pas mal de reportages et lu quelques \u00e9tudes sur la g\u00e9n\u00e9ration Y, g\u00e9n\u00e9ration dont je fais partie, \u00e9tant n\u00e9 en\u00a01993. Tout \u00e7a cogitait dans ma petite t\u00eate, jusqu\u2019\u00e0 cette conversation cet \u00e9t\u00e9 avec ma grand-m\u00e8re qui m\u2019a confirm\u00e9 quelques faits que j\u2019ai envie de &hellip; Continuer la lecture de &laquo;&nbsp;Tout petit je r\u00eavais de voyager !&nbsp;&raquo;\" \/>\n<meta property=\"og:url\" content=\"https:\/\/livre.philhotherapie.com\/1057-2\/\" \/>\n<meta property=\"og:site_name\" content=\"Philhoth\u00e9rapie\" \/>\n<meta property=\"article:published_time\" content=\"2018-02-21T14:29:43+00:00\" \/>\n<meta property=\"article:modified_time\" content=\"2018-02-21T14:45:59+00:00\" \/>\n<meta property=\"og:image\" content=\"https:\/\/livre.philhotherapie.com\/incl\/uploads\/2018\/02\/photo-pub-1-10.jpg\" \/>\n\t<meta property=\"og:image:width\" content=\"360\" \/>\n\t<meta property=\"og:image:height\" content=\"240\" \/>\n\t<meta property=\"og:image:type\" content=\"image\/jpeg\" \/>\n<meta name=\"twitter:card\" content=\"summary\" \/>\n<meta name=\"twitter:label1\" content=\"\u00c9crit par\" \/>\n\t<meta name=\"twitter:data1\" content=\"Philippe Hoebeke\" \/>\n\t<meta name=\"twitter:label2\" content=\"Dur\u00e9e de lecture estim\u00e9e\" \/>\n\t<meta name=\"twitter:data2\" content=\"7 minutes\" \/>\n<script type=\"application\/ld+json\" class=\"yoast-schema-graph\">{\"@context\":\"https:\/\/schema.org\",\"@graph\":[{\"@type\":\"WebSite\",\"@id\":\"https:\/\/livre.philhotherapie.com\/#website\",\"url\":\"https:\/\/livre.philhotherapie.com\/\",\"name\":\"Philhoth\u00e9rapie\",\"description\":\"\",\"potentialAction\":[{\"@type\":\"SearchAction\",\"target\":{\"@type\":\"EntryPoint\",\"urlTemplate\":\"https:\/\/livre.philhotherapie.com\/?s={search_term_string}\"},\"query-input\":\"required name=search_term_string\"}],\"inLanguage\":\"fr-FR\"},{\"@type\":\"ImageObject\",\"inLanguage\":\"fr-FR\",\"@id\":\"https:\/\/livre.philhotherapie.com\/1057-2\/#primaryimage\",\"url\":\"https:\/\/livre.philhotherapie.com\/incl\/uploads\/2018\/02\/photo-pub-1-10.jpg\",\"contentUrl\":\"https:\/\/livre.philhotherapie.com\/incl\/uploads\/2018\/02\/photo-pub-1-10.jpg\",\"width\":360,\"height\":240},{\"@type\":\"WebPage\",\"@id\":\"https:\/\/livre.philhotherapie.com\/1057-2\/#webpage\",\"url\":\"https:\/\/livre.philhotherapie.com\/1057-2\/\",\"name\":\"Tout petit je r\u00eavais de voyager ! - Philhoth\u00e9rapie\",\"isPartOf\":{\"@id\":\"https:\/\/livre.philhotherapie.com\/#website\"},\"primaryImageOfPage\":{\"@id\":\"https:\/\/livre.philhotherapie.com\/1057-2\/#primaryimage\"},\"datePublished\":\"2018-02-21T14:29:43+00:00\",\"dateModified\":\"2018-02-21T14:45:59+00:00\",\"author\":{\"@id\":\"https:\/\/livre.philhotherapie.com\/#\/schema\/person\/eaa154ff51229fbd2d001910c04498db\"},\"breadcrumb\":{\"@id\":\"https:\/\/livre.philhotherapie.com\/1057-2\/#breadcrumb\"},\"inLanguage\":\"fr-FR\",\"potentialAction\":[{\"@type\":\"ReadAction\",\"target\":[\"https:\/\/livre.philhotherapie.com\/1057-2\/\"]}]},{\"@type\":\"BreadcrumbList\",\"@id\":\"https:\/\/livre.philhotherapie.com\/1057-2\/#breadcrumb\",\"itemListElement\":[{\"@type\":\"ListItem\",\"position\":1,\"name\":\"Accueil\",\"item\":\"https:\/\/livre.philhotherapie.com\/\"},{\"@type\":\"ListItem\",\"position\":2,\"name\":\"Tout petit je r\u00eavais de voyager !\"}]},{\"@type\":\"Person\",\"@id\":\"https:\/\/livre.philhotherapie.com\/#\/schema\/person\/eaa154ff51229fbd2d001910c04498db\",\"name\":\"Philippe Hoebeke\",\"image\":{\"@type\":\"ImageObject\",\"inLanguage\":\"fr-FR\",\"@id\":\"https:\/\/livre.philhotherapie.com\/#\/schema\/person\/image\/\",\"url\":\"https:\/\/livre.philhotherapie.com\/incl\/uploads\/2021\/09\/avatar_user_15_1632473870-96x96.jpg\",\"contentUrl\":\"https:\/\/livre.philhotherapie.com\/incl\/uploads\/2021\/09\/avatar_user_15_1632473870-96x96.jpg\",\"caption\":\"Philippe Hoebeke\"},\"url\":\"https:\/\/livre.philhotherapie.com\/profile\/philho63gmail-com\/\"}]}<\/script>\n<!-- \/ Yoast SEO plugin. -->","yoast_head_json":{"title":"Tout petit je r\u00eavais de voyager ! - Philhoth\u00e9rapie","robots":{"index":"index","follow":"follow","max-snippet":"max-snippet:-1","max-image-preview":"max-image-preview:large","max-video-preview":"max-video-preview:-1"},"canonical":"https:\/\/livre.philhotherapie.com\/1057-2\/","og_locale":"fr_FR","og_type":"article","og_title":"Tout petit je r\u00eavais de voyager ! - Philhoth\u00e9rapie","og_description":"La g\u00e9n\u00e9ration Y, un nouvel id\u00e9al de vie ? J\u2019ai regard\u00e9 pas mal de reportages et lu quelques \u00e9tudes sur la g\u00e9n\u00e9ration Y, g\u00e9n\u00e9ration dont je fais partie, \u00e9tant n\u00e9 en\u00a01993. Tout \u00e7a cogitait dans ma petite t\u00eate, jusqu\u2019\u00e0 cette conversation cet \u00e9t\u00e9 avec ma grand-m\u00e8re qui m\u2019a confirm\u00e9 quelques faits que j\u2019ai envie de &hellip; Continuer la lecture de &laquo;&nbsp;Tout petit je r\u00eavais de voyager !&nbsp;&raquo;","og_url":"https:\/\/livre.philhotherapie.com\/1057-2\/","og_site_name":"Philhoth\u00e9rapie","article_published_time":"2018-02-21T14:29:43+00:00","article_modified_time":"2018-02-21T14:45:59+00:00","og_image":[{"width":360,"height":240,"url":"https:\/\/livre.philhotherapie.com\/incl\/uploads\/2018\/02\/photo-pub-1-10.jpg","type":"image\/jpeg"}],"twitter_card":"summary","twitter_misc":{"\u00c9crit par":"Philippe Hoebeke","Dur\u00e9e de lecture estim\u00e9e":"7 minutes"},"schema":{"@context":"https:\/\/schema.org","@graph":[{"@type":"WebSite","@id":"https:\/\/livre.philhotherapie.com\/#website","url":"https:\/\/livre.philhotherapie.com\/","name":"Philhoth\u00e9rapie","description":"","potentialAction":[{"@type":"SearchAction","target":{"@type":"EntryPoint","urlTemplate":"https:\/\/livre.philhotherapie.com\/?s={search_term_string}"},"query-input":"required name=search_term_string"}],"inLanguage":"fr-FR"},{"@type":"ImageObject","inLanguage":"fr-FR","@id":"https:\/\/livre.philhotherapie.com\/1057-2\/#primaryimage","url":"https:\/\/livre.philhotherapie.com\/incl\/uploads\/2018\/02\/photo-pub-1-10.jpg","contentUrl":"https:\/\/livre.philhotherapie.com\/incl\/uploads\/2018\/02\/photo-pub-1-10.jpg","width":360,"height":240},{"@type":"WebPage","@id":"https:\/\/livre.philhotherapie.com\/1057-2\/#webpage","url":"https:\/\/livre.philhotherapie.com\/1057-2\/","name":"Tout petit je r\u00eavais de voyager ! - Philhoth\u00e9rapie","isPartOf":{"@id":"https:\/\/livre.philhotherapie.com\/#website"},"primaryImageOfPage":{"@id":"https:\/\/livre.philhotherapie.com\/1057-2\/#primaryimage"},"datePublished":"2018-02-21T14:29:43+00:00","dateModified":"2018-02-21T14:45:59+00:00","author":{"@id":"https:\/\/livre.philhotherapie.com\/#\/schema\/person\/eaa154ff51229fbd2d001910c04498db"},"breadcrumb":{"@id":"https:\/\/livre.philhotherapie.com\/1057-2\/#breadcrumb"},"inLanguage":"fr-FR","potentialAction":[{"@type":"ReadAction","target":["https:\/\/livre.philhotherapie.com\/1057-2\/"]}]},{"@type":"BreadcrumbList","@id":"https:\/\/livre.philhotherapie.com\/1057-2\/#breadcrumb","itemListElement":[{"@type":"ListItem","position":1,"name":"Accueil","item":"https:\/\/livre.philhotherapie.com\/"},{"@type":"ListItem","position":2,"name":"Tout petit je r\u00eavais de voyager !"}]},{"@type":"Person","@id":"https:\/\/livre.philhotherapie.com\/#\/schema\/person\/eaa154ff51229fbd2d001910c04498db","name":"Philippe Hoebeke","image":{"@type":"ImageObject","inLanguage":"fr-FR","@id":"https:\/\/livre.philhotherapie.com\/#\/schema\/person\/image\/","url":"https:\/\/livre.philhotherapie.com\/incl\/uploads\/2021\/09\/avatar_user_15_1632473870-96x96.jpg","contentUrl":"https:\/\/livre.philhotherapie.com\/incl\/uploads\/2021\/09\/avatar_user_15_1632473870-96x96.jpg","caption":"Philippe Hoebeke"},"url":"https:\/\/livre.philhotherapie.com\/profile\/philho63gmail-com\/"}]}},"acf":[],"_links":{"self":[{"href":"https:\/\/livre.philhotherapie.com\/rest_api\/wp\/v2\/posts\/1057"}],"collection":[{"href":"https:\/\/livre.philhotherapie.com\/rest_api\/wp\/v2\/posts"}],"about":[{"href":"https:\/\/livre.philhotherapie.com\/rest_api\/wp\/v2\/types\/post"}],"author":[{"embeddable":true,"href":"https:\/\/livre.philhotherapie.com\/rest_api\/wp\/v2\/users\/15"}],"replies":[{"embeddable":true,"href":"https:\/\/livre.philhotherapie.com\/rest_api\/wp\/v2\/comments?post=1057"}],"version-history":[{"count":2,"href":"https:\/\/livre.philhotherapie.com\/rest_api\/wp\/v2\/posts\/1057\/revisions"}],"predecessor-version":[{"id":1065,"href":"https:\/\/livre.philhotherapie.com\/rest_api\/wp\/v2\/posts\/1057\/revisions\/1065"}],"wp:featuredmedia":[{"embeddable":true,"href":"https:\/\/livre.philhotherapie.com\/rest_api\/wp\/v2\/media\/1058"}],"wp:attachment":[{"href":"https:\/\/livre.philhotherapie.com\/rest_api\/wp\/v2\/media?parent=1057"}],"wp:term":[{"taxonomy":"category","embeddable":true,"href":"https:\/\/livre.philhotherapie.com\/rest_api\/wp\/v2\/categories?post=1057"},{"taxonomy":"post_tag","embeddable":true,"href":"https:\/\/livre.philhotherapie.com\/rest_api\/wp\/v2\/tags?post=1057"}],"curies":[{"name":"wp","href":"https:\/\/api.w.org\/{rel}","templated":true}]}}