{"id":1051,"date":"2018-02-21T14:58:03","date_gmt":"2018-02-21T13:58:03","guid":{"rendered":"https:\/\/livre.philhotherapie.com\/?p=1051"},"modified":"2018-02-21T14:58:28","modified_gmt":"2018-02-21T13:58:28","slug":"la-liberte-dexpression","status":"publish","type":"post","link":"https:\/\/livre.philhotherapie.com\/la-liberte-dexpression\/","title":{"rendered":"La libert\u00e9 d\u2019expression !"},"content":{"rendered":"<p><strong>La libert\u00e9 d\u2019expression\u00a0!<\/strong><\/p>\n<p>Je ne suis pas Dieudoniste et ne faites pas d\u2019amalgame je suis pour la libert\u00e9 d\u2019expression et tous ceux qui ont particip\u00e9 \u00e0 la marche pour Charlie le 11 janvier 2015 devraient \u00eatre de cette avis si non vous \u00eates des sinistres faux-culs\u00a0!<\/p>\n<p>Comment pourriez-vous accepter le deux poids et deux mesures, vous \u00eates pr\u00eat \u00e0 entendre sans vous r\u00e9volter le discourt d\u2019un Benjamin Nethayaou en France, qui est la personne la moins bien plac\u00e9 au monde pour faire de la morale vu sa politique d\u2019extermination du peuple Palestinien\u2026<\/p>\n<p>L\u00e0 vous n\u2019\u00eates pas indign\u00e9s\u00a0! Vous laissez faire, pas de r\u00e9primande pas de menace d\u2019emprisonnement ou de sanction pour des crimes contre l\u2019humanit\u00e9. Bon libert\u00e9 d\u2019expression que nous ch\u00e9rissons tous ok\u00a0!&#8230;<\/p>\n<p>Mais alors pour tous les internautes, pour tous les peuples insoumis et pour tous les artistes qui tentent de s\u2019exprimer selon leurs moyens\u2026 L\u00e0, il y a des sanctions imm\u00e9diates menaces, emprisonnement, suppression de vos droits civiques, parfois tortures ou m\u00eame menaces de mort\u00a0!<\/p>\n<p>Notre d\u00e9mocratie est une dictature qui ne se comporte pas mieux que les terroristes contre qui nous devons lutter. Posez-vous simplement la question, si demain je vous prive de vos libert\u00e9s, et que je me serve de vos richesses pour des raisons purement financi\u00e8re et de profit personnel\u2026<\/p>\n<p>Seriez-vous pr\u00eat \u00e0 vous soumettre sans que je n\u2019aie besoin d\u2019utiliser la force (que je paie aussi avec vos richesses et votre soumission). Je pense que tant que vous vivez dans la peur et l\u2019ignorance cela est possible\u00a0! Les \u00e9veill\u00e9s, eux ont pris conscience que les libert\u00e9s de chacun se r\u00e9duisent chaque jour dans le but d\u2019augmenter les pouvoirs et les richesses d\u2019une minorit\u00e9 bien organis\u00e9e.<\/p>\n<p>C\u2019est juste un constat, j\u2019esp\u00e8re que toutes les personnes de bonnes volont\u00e9s s\u2019\u00e9veillent un jour et que chacun lutte \u00e0 sa mani\u00e8re pour la libert\u00e9, la paix et l\u2019amour. J\u2019en veux \u00e0 la b\u00eatise, \u00e0 tous ceux qui utilisent le crime pour justifier quoi que ce soit.<\/p>\n<p>Nous devrions chaque jour v\u00e9n\u00e9rer la vie, f\u00eater chaque naissance et faire des marches de joie lorsqu\u2019un peuple retrouve sa dignit\u00e9 et sa libert\u00e9. Mais nous faisons tout le contraire, nous v\u00e9n\u00e9rons les morts et nous crions vengeance cela n\u2019apaisera personne et ne ressuscitera pas les morts.<\/p>\n<p>Pourquoi par nos c\u00e9l\u00e8bres M\u00e9diums qui se disent \u00eatre en contact avec le monde invisible et les personnes disparues, ne disent-t-elles pas la v\u00e9rit\u00e9? Car l\u00e0-haut toutes ces victimes inutiles doivent \u00eatre indign\u00e9es par nos comportements stupides et si ils se taisent c\u2019est parce que eux aussi l\u2019ont \u00e9t\u00e9. Ils devraient nous inspirer et nous informaient mais nous pr\u00e9f\u00e9rons les pleurer plut\u00f4t que de les \u00e9couter.<\/p>\n<p>Namast\u00e9 je nous aime avec amour et plein de compassion car il en faut beaucoup.<\/p>\n<p>(Cela est ma libert\u00e9 d\u2019expression et cela n\u2019engage que moi merci).<\/p>\n<p><em>Philho le 15.01.2015 pens\u00e9es et r\u00e9flexions<\/em><\/p>\n","protected":false},"excerpt":{"rendered":"<p>La libert\u00e9 d\u2019expression\u00a0! Je ne suis pas Dieudoniste et ne faites pas d\u2019amalgame je suis pour la libert\u00e9 d\u2019expression et tous ceux qui ont particip\u00e9 \u00e0 la marche pour Charlie le 11 janvier 2015 devraient \u00eatre de cette avis si non vous \u00eates des sinistres faux-culs\u00a0! Comment pourriez-vous accepter le deux poids et deux mesures, &hellip; <a href=\"https:\/\/livre.philhotherapie.com\/la-liberte-dexpression\/\" class=\"more-link\">Continuer la lecture<span class=\"screen-reader-text\"> de &laquo;&nbsp;La libert\u00e9 d\u2019expression !&nbsp;&raquo;<\/span><\/a><\/p>\n","protected":false},"author":15,"featured_media":1052,"comment_status":"open","ping_status":"closed","sticky":false,"template":"","format":"standard","meta":{"inline_featured_image":false},"categories":[24],"tags":[],"yoast_head":"<!-- This site is optimized with the Yoast SEO plugin v19.1 - https:\/\/yoast.com\/wordpress\/plugins\/seo\/ -->\n<title>La libert\u00e9 d\u2019expression ! - Philhoth\u00e9rapie<\/title>\n<meta name=\"robots\" content=\"index, follow, max-snippet:-1, max-image-preview:large, max-video-preview:-1\" \/>\n<link rel=\"canonical\" href=\"https:\/\/livre.philhotherapie.com\/la-liberte-dexpression\/\" \/>\n<meta property=\"og:locale\" content=\"fr_FR\" \/>\n<meta property=\"og:type\" content=\"article\" \/>\n<meta property=\"og:title\" content=\"La libert\u00e9 d\u2019expression ! - Philhoth\u00e9rapie\" \/>\n<meta property=\"og:description\" content=\"La libert\u00e9 d\u2019expression\u00a0! Je ne suis pas Dieudoniste et ne faites pas d\u2019amalgame je suis pour la libert\u00e9 d\u2019expression et tous ceux qui ont particip\u00e9 \u00e0 la marche pour Charlie le 11 janvier 2015 devraient \u00eatre de cette avis si non vous \u00eates des sinistres faux-culs\u00a0! Comment pourriez-vous accepter le deux poids et deux mesures, &hellip; Continuer la lecture de &laquo;&nbsp;La libert\u00e9 d\u2019expression !&nbsp;&raquo;\" \/>\n<meta property=\"og:url\" content=\"https:\/\/livre.philhotherapie.com\/la-liberte-dexpression\/\" \/>\n<meta property=\"og:site_name\" content=\"Philhoth\u00e9rapie\" \/>\n<meta property=\"article:published_time\" content=\"2018-02-21T13:58:03+00:00\" \/>\n<meta property=\"article:modified_time\" content=\"2018-02-21T13:58:28+00:00\" \/>\n<meta property=\"og:image\" content=\"https:\/\/livre.philhotherapie.com\/incl\/uploads\/2018\/02\/1-397.jpg\" \/>\n\t<meta property=\"og:image:width\" content=\"328\" \/>\n\t<meta property=\"og:image:height\" content=\"153\" \/>\n\t<meta property=\"og:image:type\" content=\"image\/jpeg\" \/>\n<meta name=\"twitter:card\" content=\"summary\" \/>\n<meta name=\"twitter:label1\" content=\"\u00c9crit par\" \/>\n\t<meta name=\"twitter:data1\" content=\"Philippe Hoebeke\" \/>\n\t<meta name=\"twitter:label2\" content=\"Dur\u00e9e de lecture estim\u00e9e\" \/>\n\t<meta name=\"twitter:data2\" content=\"3 minutes\" \/>\n<script type=\"application\/ld+json\" class=\"yoast-schema-graph\">{\"@context\":\"https:\/\/schema.org\",\"@graph\":[{\"@type\":\"WebSite\",\"@id\":\"https:\/\/livre.philhotherapie.com\/#website\",\"url\":\"https:\/\/livre.philhotherapie.com\/\",\"name\":\"Philhoth\u00e9rapie\",\"description\":\"\",\"potentialAction\":[{\"@type\":\"SearchAction\",\"target\":{\"@type\":\"EntryPoint\",\"urlTemplate\":\"https:\/\/livre.philhotherapie.com\/?s={search_term_string}\"},\"query-input\":\"required name=search_term_string\"}],\"inLanguage\":\"fr-FR\"},{\"@type\":\"ImageObject\",\"inLanguage\":\"fr-FR\",\"@id\":\"https:\/\/livre.philhotherapie.com\/la-liberte-dexpression\/#primaryimage\",\"url\":\"https:\/\/livre.philhotherapie.com\/incl\/uploads\/2018\/02\/1-397.jpg\",\"contentUrl\":\"https:\/\/livre.philhotherapie.com\/incl\/uploads\/2018\/02\/1-397.jpg\",\"width\":328,\"height\":153},{\"@type\":\"WebPage\",\"@id\":\"https:\/\/livre.philhotherapie.com\/la-liberte-dexpression\/#webpage\",\"url\":\"https:\/\/livre.philhotherapie.com\/la-liberte-dexpression\/\",\"name\":\"La libert\u00e9 d\u2019expression ! - Philhoth\u00e9rapie\",\"isPartOf\":{\"@id\":\"https:\/\/livre.philhotherapie.com\/#website\"},\"primaryImageOfPage\":{\"@id\":\"https:\/\/livre.philhotherapie.com\/la-liberte-dexpression\/#primaryimage\"},\"datePublished\":\"2018-02-21T13:58:03+00:00\",\"dateModified\":\"2018-02-21T13:58:28+00:00\",\"author\":{\"@id\":\"https:\/\/livre.philhotherapie.com\/#\/schema\/person\/eaa154ff51229fbd2d001910c04498db\"},\"breadcrumb\":{\"@id\":\"https:\/\/livre.philhotherapie.com\/la-liberte-dexpression\/#breadcrumb\"},\"inLanguage\":\"fr-FR\",\"potentialAction\":[{\"@type\":\"ReadAction\",\"target\":[\"https:\/\/livre.philhotherapie.com\/la-liberte-dexpression\/\"]}]},{\"@type\":\"BreadcrumbList\",\"@id\":\"https:\/\/livre.philhotherapie.com\/la-liberte-dexpression\/#breadcrumb\",\"itemListElement\":[{\"@type\":\"ListItem\",\"position\":1,\"name\":\"Accueil\",\"item\":\"https:\/\/livre.philhotherapie.com\/\"},{\"@type\":\"ListItem\",\"position\":2,\"name\":\"La libert\u00e9 d\u2019expression !\"}]},{\"@type\":\"Person\",\"@id\":\"https:\/\/livre.philhotherapie.com\/#\/schema\/person\/eaa154ff51229fbd2d001910c04498db\",\"name\":\"Philippe Hoebeke\",\"image\":{\"@type\":\"ImageObject\",\"inLanguage\":\"fr-FR\",\"@id\":\"https:\/\/livre.philhotherapie.com\/#\/schema\/person\/image\/\",\"url\":\"https:\/\/livre.philhotherapie.com\/incl\/uploads\/2021\/09\/avatar_user_15_1632473870-96x96.jpg\",\"contentUrl\":\"https:\/\/livre.philhotherapie.com\/incl\/uploads\/2021\/09\/avatar_user_15_1632473870-96x96.jpg\",\"caption\":\"Philippe Hoebeke\"},\"url\":\"https:\/\/livre.philhotherapie.com\/profile\/philho63gmail-com\/\"}]}<\/script>\n<!-- \/ Yoast SEO plugin. -->","yoast_head_json":{"title":"La libert\u00e9 d\u2019expression ! - Philhoth\u00e9rapie","robots":{"index":"index","follow":"follow","max-snippet":"max-snippet:-1","max-image-preview":"max-image-preview:large","max-video-preview":"max-video-preview:-1"},"canonical":"https:\/\/livre.philhotherapie.com\/la-liberte-dexpression\/","og_locale":"fr_FR","og_type":"article","og_title":"La libert\u00e9 d\u2019expression ! - Philhoth\u00e9rapie","og_description":"La libert\u00e9 d\u2019expression\u00a0! Je ne suis pas Dieudoniste et ne faites pas d\u2019amalgame je suis pour la libert\u00e9 d\u2019expression et tous ceux qui ont particip\u00e9 \u00e0 la marche pour Charlie le 11 janvier 2015 devraient \u00eatre de cette avis si non vous \u00eates des sinistres faux-culs\u00a0! Comment pourriez-vous accepter le deux poids et deux mesures, &hellip; Continuer la lecture de &laquo;&nbsp;La libert\u00e9 d\u2019expression !&nbsp;&raquo;","og_url":"https:\/\/livre.philhotherapie.com\/la-liberte-dexpression\/","og_site_name":"Philhoth\u00e9rapie","article_published_time":"2018-02-21T13:58:03+00:00","article_modified_time":"2018-02-21T13:58:28+00:00","og_image":[{"width":328,"height":153,"url":"https:\/\/livre.philhotherapie.com\/incl\/uploads\/2018\/02\/1-397.jpg","type":"image\/jpeg"}],"twitter_card":"summary","twitter_misc":{"\u00c9crit par":"Philippe Hoebeke","Dur\u00e9e de lecture estim\u00e9e":"3 minutes"},"schema":{"@context":"https:\/\/schema.org","@graph":[{"@type":"WebSite","@id":"https:\/\/livre.philhotherapie.com\/#website","url":"https:\/\/livre.philhotherapie.com\/","name":"Philhoth\u00e9rapie","description":"","potentialAction":[{"@type":"SearchAction","target":{"@type":"EntryPoint","urlTemplate":"https:\/\/livre.philhotherapie.com\/?s={search_term_string}"},"query-input":"required name=search_term_string"}],"inLanguage":"fr-FR"},{"@type":"ImageObject","inLanguage":"fr-FR","@id":"https:\/\/livre.philhotherapie.com\/la-liberte-dexpression\/#primaryimage","url":"https:\/\/livre.philhotherapie.com\/incl\/uploads\/2018\/02\/1-397.jpg","contentUrl":"https:\/\/livre.philhotherapie.com\/incl\/uploads\/2018\/02\/1-397.jpg","width":328,"height":153},{"@type":"WebPage","@id":"https:\/\/livre.philhotherapie.com\/la-liberte-dexpression\/#webpage","url":"https:\/\/livre.philhotherapie.com\/la-liberte-dexpression\/","name":"La libert\u00e9 d\u2019expression ! - Philhoth\u00e9rapie","isPartOf":{"@id":"https:\/\/livre.philhotherapie.com\/#website"},"primaryImageOfPage":{"@id":"https:\/\/livre.philhotherapie.com\/la-liberte-dexpression\/#primaryimage"},"datePublished":"2018-02-21T13:58:03+00:00","dateModified":"2018-02-21T13:58:28+00:00","author":{"@id":"https:\/\/livre.philhotherapie.com\/#\/schema\/person\/eaa154ff51229fbd2d001910c04498db"},"breadcrumb":{"@id":"https:\/\/livre.philhotherapie.com\/la-liberte-dexpression\/#breadcrumb"},"inLanguage":"fr-FR","potentialAction":[{"@type":"ReadAction","target":["https:\/\/livre.philhotherapie.com\/la-liberte-dexpression\/"]}]},{"@type":"BreadcrumbList","@id":"https:\/\/livre.philhotherapie.com\/la-liberte-dexpression\/#breadcrumb","itemListElement":[{"@type":"ListItem","position":1,"name":"Accueil","item":"https:\/\/livre.philhotherapie.com\/"},{"@type":"ListItem","position":2,"name":"La libert\u00e9 d\u2019expression !"}]},{"@type":"Person","@id":"https:\/\/livre.philhotherapie.com\/#\/schema\/person\/eaa154ff51229fbd2d001910c04498db","name":"Philippe Hoebeke","image":{"@type":"ImageObject","inLanguage":"fr-FR","@id":"https:\/\/livre.philhotherapie.com\/#\/schema\/person\/image\/","url":"https:\/\/livre.philhotherapie.com\/incl\/uploads\/2021\/09\/avatar_user_15_1632473870-96x96.jpg","contentUrl":"https:\/\/livre.philhotherapie.com\/incl\/uploads\/2021\/09\/avatar_user_15_1632473870-96x96.jpg","caption":"Philippe Hoebeke"},"url":"https:\/\/livre.philhotherapie.com\/profile\/philho63gmail-com\/"}]}},"acf":[],"_links":{"self":[{"href":"https:\/\/livre.philhotherapie.com\/rest_api\/wp\/v2\/posts\/1051"}],"collection":[{"href":"https:\/\/livre.philhotherapie.com\/rest_api\/wp\/v2\/posts"}],"about":[{"href":"https:\/\/livre.philhotherapie.com\/rest_api\/wp\/v2\/types\/post"}],"author":[{"embeddable":true,"href":"https:\/\/livre.philhotherapie.com\/rest_api\/wp\/v2\/users\/15"}],"replies":[{"embeddable":true,"href":"https:\/\/livre.philhotherapie.com\/rest_api\/wp\/v2\/comments?post=1051"}],"version-history":[{"count":1,"href":"https:\/\/livre.philhotherapie.com\/rest_api\/wp\/v2\/posts\/1051\/revisions"}],"predecessor-version":[{"id":1053,"href":"https:\/\/livre.philhotherapie.com\/rest_api\/wp\/v2\/posts\/1051\/revisions\/1053"}],"wp:featuredmedia":[{"embeddable":true,"href":"https:\/\/livre.philhotherapie.com\/rest_api\/wp\/v2\/media\/1052"}],"wp:attachment":[{"href":"https:\/\/livre.philhotherapie.com\/rest_api\/wp\/v2\/media?parent=1051"}],"wp:term":[{"taxonomy":"category","embeddable":true,"href":"https:\/\/livre.philhotherapie.com\/rest_api\/wp\/v2\/categories?post=1051"},{"taxonomy":"post_tag","embeddable":true,"href":"https:\/\/livre.philhotherapie.com\/rest_api\/wp\/v2\/tags?post=1051"}],"curies":[{"name":"wp","href":"https:\/\/api.w.org\/{rel}","templated":true}]}}