{"id":1028,"date":"2018-02-21T11:10:16","date_gmt":"2018-02-21T10:10:16","guid":{"rendered":"https:\/\/livre.philhotherapie.com\/?p=1028"},"modified":"2018-02-25T01:43:26","modified_gmt":"2018-02-25T00:43:26","slug":"we-are-the-world","status":"publish","type":"post","link":"https:\/\/livre.philhotherapie.com\/we-are-the-world\/","title":{"rendered":"We are the World !"},"content":{"rendered":"<p>We are the World\u00a0!<\/p>\n<p>Je suis toujours tr\u00e8s heureux quand je vois autant de gens s\u2019unir et s\u2019amasser pour partager des moments de joie, de rire, de musique et de chanson et je suis content et heureux pour tous ces artistes qui nous rassemblent et nous apportent de si beaux moments d\u2019union et de bonheur\u00a0!<\/p>\n<p>Les \u00eatres humains que nous sommes sont incroyables, nous pouvons nous rassembler en quelques heures, nous pr\u00e9cipiter, nous bousculer et nous entasser dans des espaces et payer parfois tr\u00e8s cher une place de spectacle pour une \u00e0 deux heures trente de plaisirs\u00a0?!<\/p>\n<p>Ce que je ne comprends pas, c\u2019est pourquoi toutes ces personnes qui ont l\u2019air d\u2019aimer la vie et de vouloir partager de bons moments, pourquoi sont-ils absent lorsqu\u2019il y a de vrais combats \u00e0 mener\u00a0?<\/p>\n<p>J\u2019entends par combat, non pas de la violence ou de guerre \u00e0 mener, mais de l\u2019action ou de la r\u00e9action, tout au moins une r\u00e9elle indignation envers les injustices qui se passent dans notre monde\u00a0!<\/p>\n<p>La chanson \u00ab\u00a0We are the world\u00a0\u00bb de Michael Jackson en 2004 que tout le monde a sans doute chant\u00e9 une fois dans sa vie, m\u00eame les plus grands artistes du moment et \u00e0 ce jour l\u2019on reprise en c\u0153ur\u00a0! Pourquoi ces quelques mots\u00a0: \u00ab\u00a0Nous sommes le Monde\u00a0\u00bb n\u2019ont-ils aucun effet sur toutes les personnes qui les ont prononc\u00e9es\u00a0? Les mots n\u2019ont-ils plus de sens et l\u00e0 je ne parle que du titre car toutes les paroles de la chanson sont magnifiques et la vid\u00e9o tout autant\u00a0!<\/p>\n<p>Mais je constate que les mots, les chansons nous endorment, Ils nous donnent l\u2019illusion d\u2019un monde o\u00f9 tout est beau et gentil et que l\u2019on peut dormir tranquille.<\/p>\n<p>Je ne comprends pas que toutes ces personnes, ces fans, ces artistes ne soient pas plus engager que cela dans une r\u00e9elle envie de changer ce monde de fous\u00a0!<\/p>\n<p>Sont-ils ou sommes-nous malgr\u00e9 -nous complice du syst\u00e8me\u00a0? Sommes-nous si endormis que nous sommes capable de continuer \u00e0 enrichir b\u00eatement un syst\u00e8me qui nous conduit vers notre propre abrutissement et destruction\u00a0? Je ne vois que tr\u00e8s rarement des artistes prendre de r\u00e9elles positions contre les horreurs qui se passent actuellement m\u00eame avec le pouvoir et l\u2019argent qu\u2019ils poss\u00e8dent, ils devraient pouvoir s\u2019exprimer sur ces sujets\u00a0! Je constate que ceux qui ont os\u00e9s avec le faire avec courage et panache ont bizarrement disparue de la sc\u00e8ne publique\u00a0(Ex : Daniel Balavoine, Coluche et Michael Jackson lui-m\u00eame et bien d&rsquo;autres encore vivants fort heureusement) ou bien ils sont revenus piteusement s\u2019excuser pour leurs d\u00e9rapages verbaux\u00a0!<\/p>\n<p>Alors quand est-ce que, quand je vois toutes ces personnes qui se rassemblent dans les stades pour des jeux ou des chansons, quand comprendrons-nous ces mots\u00a0: NOUS SOMMES LE MONDE et parce que nous le sommes et que nous sommes si nombreux que\u00a0NOUS POUVONS LE\u00a0CHANGER\u00a0!<\/p>\n<p>R\u00e9veillons-nous\u00a0!<\/p>\n","protected":false},"excerpt":{"rendered":"<p>We are the World\u00a0! Je suis toujours tr\u00e8s heureux quand je vois autant de gens s\u2019unir et s\u2019amasser pour partager des moments de joie, de rire, de musique et de chanson et je suis content et heureux pour tous ces artistes qui nous rassemblent et nous apportent de si beaux moments d\u2019union et de bonheur\u00a0! &hellip; <a href=\"https:\/\/livre.philhotherapie.com\/we-are-the-world\/\" class=\"more-link\">Continuer la lecture<span class=\"screen-reader-text\"> de &laquo;&nbsp;We are the World !&nbsp;&raquo;<\/span><\/a><\/p>\n","protected":false},"author":15,"featured_media":1030,"comment_status":"open","ping_status":"closed","sticky":false,"template":"","format":"standard","meta":{"inline_featured_image":false},"categories":[24],"tags":[],"yoast_head":"<!-- This site is optimized with the Yoast SEO plugin v19.1 - https:\/\/yoast.com\/wordpress\/plugins\/seo\/ -->\n<title>We are the World ! - Philhoth\u00e9rapie<\/title>\n<meta name=\"robots\" content=\"index, follow, max-snippet:-1, max-image-preview:large, max-video-preview:-1\" \/>\n<link rel=\"canonical\" href=\"https:\/\/livre.philhotherapie.com\/we-are-the-world\/\" \/>\n<meta property=\"og:locale\" content=\"fr_FR\" \/>\n<meta property=\"og:type\" content=\"article\" \/>\n<meta property=\"og:title\" content=\"We are the World ! - Philhoth\u00e9rapie\" \/>\n<meta property=\"og:description\" content=\"We are the World\u00a0! Je suis toujours tr\u00e8s heureux quand je vois autant de gens s\u2019unir et s\u2019amasser pour partager des moments de joie, de rire, de musique et de chanson et je suis content et heureux pour tous ces artistes qui nous rassemblent et nous apportent de si beaux moments d\u2019union et de bonheur\u00a0! &hellip; Continuer la lecture de &laquo;&nbsp;We are the World !&nbsp;&raquo;\" \/>\n<meta property=\"og:url\" content=\"https:\/\/livre.philhotherapie.com\/we-are-the-world\/\" \/>\n<meta property=\"og:site_name\" content=\"Philhoth\u00e9rapie\" \/>\n<meta property=\"article:published_time\" content=\"2018-02-21T10:10:16+00:00\" \/>\n<meta property=\"article:modified_time\" content=\"2018-02-25T00:43:26+00:00\" \/>\n<meta property=\"og:image\" content=\"https:\/\/livre.philhotherapie.com\/incl\/uploads\/2018\/02\/aa3d37af3df0.jpg\" \/>\n\t<meta property=\"og:image:width\" content=\"800\" \/>\n\t<meta property=\"og:image:height\" content=\"450\" \/>\n\t<meta property=\"og:image:type\" content=\"image\/jpeg\" \/>\n<meta name=\"twitter:card\" content=\"summary\" \/>\n<meta name=\"twitter:label1\" content=\"\u00c9crit par\" \/>\n\t<meta name=\"twitter:data1\" content=\"Philippe Hoebeke\" \/>\n\t<meta name=\"twitter:label2\" content=\"Dur\u00e9e de lecture estim\u00e9e\" \/>\n\t<meta name=\"twitter:data2\" content=\"3 minutes\" \/>\n<script type=\"application\/ld+json\" class=\"yoast-schema-graph\">{\"@context\":\"https:\/\/schema.org\",\"@graph\":[{\"@type\":\"WebSite\",\"@id\":\"https:\/\/livre.philhotherapie.com\/#website\",\"url\":\"https:\/\/livre.philhotherapie.com\/\",\"name\":\"Philhoth\u00e9rapie\",\"description\":\"\",\"potentialAction\":[{\"@type\":\"SearchAction\",\"target\":{\"@type\":\"EntryPoint\",\"urlTemplate\":\"https:\/\/livre.philhotherapie.com\/?s={search_term_string}\"},\"query-input\":\"required name=search_term_string\"}],\"inLanguage\":\"fr-FR\"},{\"@type\":\"ImageObject\",\"inLanguage\":\"fr-FR\",\"@id\":\"https:\/\/livre.philhotherapie.com\/we-are-the-world\/#primaryimage\",\"url\":\"https:\/\/livre.philhotherapie.com\/incl\/uploads\/2018\/02\/aa3d37af3df0.jpg\",\"contentUrl\":\"https:\/\/livre.philhotherapie.com\/incl\/uploads\/2018\/02\/aa3d37af3df0.jpg\",\"width\":800,\"height\":450},{\"@type\":\"WebPage\",\"@id\":\"https:\/\/livre.philhotherapie.com\/we-are-the-world\/#webpage\",\"url\":\"https:\/\/livre.philhotherapie.com\/we-are-the-world\/\",\"name\":\"We are the World ! - Philhoth\u00e9rapie\",\"isPartOf\":{\"@id\":\"https:\/\/livre.philhotherapie.com\/#website\"},\"primaryImageOfPage\":{\"@id\":\"https:\/\/livre.philhotherapie.com\/we-are-the-world\/#primaryimage\"},\"datePublished\":\"2018-02-21T10:10:16+00:00\",\"dateModified\":\"2018-02-25T00:43:26+00:00\",\"author\":{\"@id\":\"https:\/\/livre.philhotherapie.com\/#\/schema\/person\/eaa154ff51229fbd2d001910c04498db\"},\"breadcrumb\":{\"@id\":\"https:\/\/livre.philhotherapie.com\/we-are-the-world\/#breadcrumb\"},\"inLanguage\":\"fr-FR\",\"potentialAction\":[{\"@type\":\"ReadAction\",\"target\":[\"https:\/\/livre.philhotherapie.com\/we-are-the-world\/\"]}]},{\"@type\":\"BreadcrumbList\",\"@id\":\"https:\/\/livre.philhotherapie.com\/we-are-the-world\/#breadcrumb\",\"itemListElement\":[{\"@type\":\"ListItem\",\"position\":1,\"name\":\"Accueil\",\"item\":\"https:\/\/livre.philhotherapie.com\/\"},{\"@type\":\"ListItem\",\"position\":2,\"name\":\"We are the World !\"}]},{\"@type\":\"Person\",\"@id\":\"https:\/\/livre.philhotherapie.com\/#\/schema\/person\/eaa154ff51229fbd2d001910c04498db\",\"name\":\"Philippe Hoebeke\",\"image\":{\"@type\":\"ImageObject\",\"inLanguage\":\"fr-FR\",\"@id\":\"https:\/\/livre.philhotherapie.com\/#\/schema\/person\/image\/\",\"url\":\"https:\/\/livre.philhotherapie.com\/incl\/uploads\/2021\/09\/avatar_user_15_1632473870-96x96.jpg\",\"contentUrl\":\"https:\/\/livre.philhotherapie.com\/incl\/uploads\/2021\/09\/avatar_user_15_1632473870-96x96.jpg\",\"caption\":\"Philippe Hoebeke\"},\"url\":\"https:\/\/livre.philhotherapie.com\/profile\/philho63gmail-com\/\"}]}<\/script>\n<!-- \/ Yoast SEO plugin. -->","yoast_head_json":{"title":"We are the World ! - Philhoth\u00e9rapie","robots":{"index":"index","follow":"follow","max-snippet":"max-snippet:-1","max-image-preview":"max-image-preview:large","max-video-preview":"max-video-preview:-1"},"canonical":"https:\/\/livre.philhotherapie.com\/we-are-the-world\/","og_locale":"fr_FR","og_type":"article","og_title":"We are the World ! - Philhoth\u00e9rapie","og_description":"We are the World\u00a0! Je suis toujours tr\u00e8s heureux quand je vois autant de gens s\u2019unir et s\u2019amasser pour partager des moments de joie, de rire, de musique et de chanson et je suis content et heureux pour tous ces artistes qui nous rassemblent et nous apportent de si beaux moments d\u2019union et de bonheur\u00a0! &hellip; Continuer la lecture de &laquo;&nbsp;We are the World !&nbsp;&raquo;","og_url":"https:\/\/livre.philhotherapie.com\/we-are-the-world\/","og_site_name":"Philhoth\u00e9rapie","article_published_time":"2018-02-21T10:10:16+00:00","article_modified_time":"2018-02-25T00:43:26+00:00","og_image":[{"width":800,"height":450,"url":"https:\/\/livre.philhotherapie.com\/incl\/uploads\/2018\/02\/aa3d37af3df0.jpg","type":"image\/jpeg"}],"twitter_card":"summary","twitter_misc":{"\u00c9crit par":"Philippe Hoebeke","Dur\u00e9e de lecture estim\u00e9e":"3 minutes"},"schema":{"@context":"https:\/\/schema.org","@graph":[{"@type":"WebSite","@id":"https:\/\/livre.philhotherapie.com\/#website","url":"https:\/\/livre.philhotherapie.com\/","name":"Philhoth\u00e9rapie","description":"","potentialAction":[{"@type":"SearchAction","target":{"@type":"EntryPoint","urlTemplate":"https:\/\/livre.philhotherapie.com\/?s={search_term_string}"},"query-input":"required name=search_term_string"}],"inLanguage":"fr-FR"},{"@type":"ImageObject","inLanguage":"fr-FR","@id":"https:\/\/livre.philhotherapie.com\/we-are-the-world\/#primaryimage","url":"https:\/\/livre.philhotherapie.com\/incl\/uploads\/2018\/02\/aa3d37af3df0.jpg","contentUrl":"https:\/\/livre.philhotherapie.com\/incl\/uploads\/2018\/02\/aa3d37af3df0.jpg","width":800,"height":450},{"@type":"WebPage","@id":"https:\/\/livre.philhotherapie.com\/we-are-the-world\/#webpage","url":"https:\/\/livre.philhotherapie.com\/we-are-the-world\/","name":"We are the World ! - Philhoth\u00e9rapie","isPartOf":{"@id":"https:\/\/livre.philhotherapie.com\/#website"},"primaryImageOfPage":{"@id":"https:\/\/livre.philhotherapie.com\/we-are-the-world\/#primaryimage"},"datePublished":"2018-02-21T10:10:16+00:00","dateModified":"2018-02-25T00:43:26+00:00","author":{"@id":"https:\/\/livre.philhotherapie.com\/#\/schema\/person\/eaa154ff51229fbd2d001910c04498db"},"breadcrumb":{"@id":"https:\/\/livre.philhotherapie.com\/we-are-the-world\/#breadcrumb"},"inLanguage":"fr-FR","potentialAction":[{"@type":"ReadAction","target":["https:\/\/livre.philhotherapie.com\/we-are-the-world\/"]}]},{"@type":"BreadcrumbList","@id":"https:\/\/livre.philhotherapie.com\/we-are-the-world\/#breadcrumb","itemListElement":[{"@type":"ListItem","position":1,"name":"Accueil","item":"https:\/\/livre.philhotherapie.com\/"},{"@type":"ListItem","position":2,"name":"We are the World !"}]},{"@type":"Person","@id":"https:\/\/livre.philhotherapie.com\/#\/schema\/person\/eaa154ff51229fbd2d001910c04498db","name":"Philippe Hoebeke","image":{"@type":"ImageObject","inLanguage":"fr-FR","@id":"https:\/\/livre.philhotherapie.com\/#\/schema\/person\/image\/","url":"https:\/\/livre.philhotherapie.com\/incl\/uploads\/2021\/09\/avatar_user_15_1632473870-96x96.jpg","contentUrl":"https:\/\/livre.philhotherapie.com\/incl\/uploads\/2021\/09\/avatar_user_15_1632473870-96x96.jpg","caption":"Philippe Hoebeke"},"url":"https:\/\/livre.philhotherapie.com\/profile\/philho63gmail-com\/"}]}},"acf":[],"_links":{"self":[{"href":"https:\/\/livre.philhotherapie.com\/rest_api\/wp\/v2\/posts\/1028"}],"collection":[{"href":"https:\/\/livre.philhotherapie.com\/rest_api\/wp\/v2\/posts"}],"about":[{"href":"https:\/\/livre.philhotherapie.com\/rest_api\/wp\/v2\/types\/post"}],"author":[{"embeddable":true,"href":"https:\/\/livre.philhotherapie.com\/rest_api\/wp\/v2\/users\/15"}],"replies":[{"embeddable":true,"href":"https:\/\/livre.philhotherapie.com\/rest_api\/wp\/v2\/comments?post=1028"}],"version-history":[{"count":5,"href":"https:\/\/livre.philhotherapie.com\/rest_api\/wp\/v2\/posts\/1028\/revisions"}],"predecessor-version":[{"id":1134,"href":"https:\/\/livre.philhotherapie.com\/rest_api\/wp\/v2\/posts\/1028\/revisions\/1134"}],"wp:featuredmedia":[{"embeddable":true,"href":"https:\/\/livre.philhotherapie.com\/rest_api\/wp\/v2\/media\/1030"}],"wp:attachment":[{"href":"https:\/\/livre.philhotherapie.com\/rest_api\/wp\/v2\/media?parent=1028"}],"wp:term":[{"taxonomy":"category","embeddable":true,"href":"https:\/\/livre.philhotherapie.com\/rest_api\/wp\/v2\/categories?post=1028"},{"taxonomy":"post_tag","embeddable":true,"href":"https:\/\/livre.philhotherapie.com\/rest_api\/wp\/v2\/tags?post=1028"}],"curies":[{"name":"wp","href":"https:\/\/api.w.org\/{rel}","templated":true}]}}