{"id":1024,"date":"2018-02-19T16:25:09","date_gmt":"2018-02-19T15:25:09","guid":{"rendered":"https:\/\/livre.philhotherapie.com\/?p=1024"},"modified":"2018-02-20T10:36:41","modified_gmt":"2018-02-20T09:36:41","slug":"lame","status":"publish","type":"post","link":"https:\/\/livre.philhotherapie.com\/lame\/","title":{"rendered":"L\u2019\u00c2ME\u2026"},"content":{"rendered":"<p><strong>L\u2019\u00c2ME\u2026<\/strong><\/p>\n<p>Ami\/ bien-aim\u00e9\/e, qu\u2019est-ce que l\u2019\u00c2me ?\u2026 En quoi te concerne-t-elle ?\u2026 O\u00f9 se situe-t-elle en toi ?\u2026 A quelle part de toi la rattaches-tu ?\u2026 Comment con\u00e7ois-tu cette notion d\u2019\u00c2me ?\u2026 Quelle sensibilit\u00e9 t\u2019offre-t-elle ?\u2026 Toutes les questions sont possibles, puisque souvent, tu ignores de quoi il s\u2019agit\u2026 La notion d\u2019\u00c2me est si vaste, si performante, si souvent galvaud\u00e9e ou p\u00e9jorativement d\u00e9natur\u00e9e, que Je viens aujourd\u2019hui, te rappeler ce qu\u2019est l\u2019Essentiel en toi\u2026<\/p>\n<p>Tout ce que tu vis est forc\u00e9ment et in\u00e9vitablement enregistr\u00e9 par ton \u00c2me, cellule magique qui contient aussi le grand Tout, cellule interne qui fonctionne en chacun d\u2019entre vous tous, cellule en la cellule, en toutes les cellules\u2026 Il est important de ne pas briser le lien entre l\u2019\u00c2me et la cellule primordiale, entre l\u2019\u00c2me et les cellules du corps, puisque tout est en tout, qu\u2019elles sont \u00e9troitement li\u00e9es\u2026<\/p>\n<p>Certains situent l\u2019\u00c2me dans la partie haute du corps, parfois pr\u00e8s du c\u0153ur, parfois sous la clavicule droite, certains la disent sous la gauche, d\u2019autre aupr\u00e8s du nombril\u2026. Tout est possible, puisque toute version correspond \u00e0 une id\u00e9e, et que les id\u00e9es sont toutes volontiers une r\u00e9ponse \u00e0 une interpr\u00e9tation, \u00e0 un souhait profond, \u00e0 un ressenti, et que chaque personne est libre de croire, valider ou invalider\u2026 Et c\u2019est pourquoi tout est juste, car chacun puise en ses croyances et en ses ouvertures de conscience, celle-ci \u00e9tant illimit\u00e9e\u2026<\/p>\n<p>Puisses-tu, ami\/e bien-aim\u00e9\/e, relativiser l\u2019importance donn\u00e9e \u00e0 une croyance, en ressentir la b\u00e9n\u00e9diction, le passage, ou le blocage\u2026 Ce que tu \u00ab ressens \u00bb est plus juste que ce que tu crois, par la notori\u00e9t\u00e9, la lecture, les on-dit, ou toute autre source externe \u00e0 toi\u2026 Ce que tu \u00ab ressens \u00bb est forc\u00e9ment per\u00e7u par toi, en toi, et donc, te correspond\u2026 Et c\u2019est pourquoi il est si important que tu sois en accord avec tes ressentis, avec ce que tu per\u00e7ois, ce que tu respectes en toi, pour que tout te parle, que la Vie t\u2019apporte \u00e0 profusion ce qui est n\u00e9cessaire \u00e0 ton chemin\u2026<\/p>\n<p>L\u2019\u00c2me est une porte, une expansion, un r\u00e9servoir contenant des milliards d\u2019informations, contenant le fruit de tes exp\u00e9riences\u2026 Elle est donc une somme de validations et d\u2019invalidations, d\u2019accords et de refus, elle est la formidable r\u00e9serve par laquelle tu avances, tu progresses, tu changes, car ses codes de fonctionnalit\u00e9 t\u2019impr\u00e8gnent et te poussent \u00e0 aller plus en profondeur en tes sentiments, en tes recherches, en tes forces\u2026 Il n\u2019y a pas de limites en l\u2019\u00c2me, elle enregistre, elle est comme une biblioth\u00e8que, qui ne mesure pas les amplitudes mais les enregistre, qui ne confond pas les \u00ab pour \u00bb et les \u00ab contre \u00bb, elle sait comment enregistrer, comment te sensibiliser, comment te conduire, avec la Lumi\u00e8re qui la porte et dont elle est issue, car cr\u00e9\u00e9e \u00e0 l\u2019origine par elle\u2026<\/p>\n<p>Ton \u00c2me a enregistr\u00e9 la somme de tes exp\u00e9riences pass\u00e9es, en les temps lin\u00e9aires, mais aussi celles que tu vis en extensions de conscience, en les temps circulaires, et sur d\u2019autres plans de la conscience infinie et multiple\u2026 Tout se codifie, tout s\u2019enregistre en param\u00e8tres divers et vari\u00e9s, tout est Energie, Son et Lumi\u00e8re, rien n\u2019est au-dehors de ton espace\u2026 C\u2019est ainsi que ton \u00c2me a int\u00e9gr\u00e9 les enseignements que la Vie te permet de rencontrer, d\u2019explorer, d\u2019exp\u00e9rimenter\u2026 Elle n\u2019est pas dupe de tes inqui\u00e9tudes, ni de tes stress, ni de tes envies, col\u00e8res, besoins, mais aussi conna\u00eet tes qualit\u00e9s et vertus\u2026 Elle \u00ab range \u00bb soigneusement ce qui doit l\u2019\u00eatre, et r\u00e9active ce qui peut te permettre un pas de plus, un progr\u00e8s\u2026 L\u2019\u00c2me est totalement reli\u00e9e au Ma\u00eetre Int\u00e9rieur, au Moi Divin, guid\u00e9e par la Lumi\u00e8re de l\u2019Esprit de Vie\u2026 C\u2019est, disons, comme un \u00ab pont \u00bb ou un \u00ab relai \u00bb entre toi, ce que tu sais de toi, et ce que tu en ignores, entre ta personnalit\u00e9 et ton moi divin serein\u2026 Elle sait parfaitement de quoi il retourne en tous instants\u2026<\/p>\n<p>Pour t\u2019aider \u00e0 comprendre ce qu\u2019est ton \u00c2me, et o\u00f9, TOI, tu la situes, ferme tes yeux un instant\u2026 Laisse ta conscience flotter, voyager int\u00e9rieurement\u2026 Laisse-la te guider vers une image, un son, un rep\u00e8re\u2026 que tu vas \u00ab Ressentir \u00bb\u2026 Puis, autant qu\u2019il t\u2019est possible d\u2019y acc\u00e9der, entre en cet univers, en ce ressenti, en cet espace\u2026 Ce qui vient \u00e0 ton esprit est juste, toujours juste pour toi, c\u2019est TA v\u00e9rit\u00e9, TON choix, TON chemin, peut-\u00eatre similaire \u00e0 ceux d\u2019autres personnes puisque vous n\u2019\u00eates qu\u2019UN, mais pour rassurer ton espace int\u00e9rieur, pour t\u2019apporter une part de la Connaissance Multiple, tu es guid\u00e9e vers une sp\u00e9cificit\u00e9, donc une information, qui TE correspond\u2026.<\/p>\n<p>Sans t\u2019inqui\u00e9ter, en toute tranquillit\u00e9, demande \u00ab Qu\u2019est-ce que mon \u00c2me ? \u00bb\u2026. Et vois, ressens, capter ce qui vient \u00e0 ton esprit\u2026 Pose une autre question si tu le souhaites\u2026 Par exemple \u00ab O\u00f9 se situe mon \u00c2me ? \u00bb\u2026 et de m\u00eame, laisse la Volont\u00e9 Sup\u00e9rieure t\u2019insuffler TA r\u00e9ponse\u2026 Car Je dis, oui Je dis aujourd\u2019hui, l\u2019\u00c2me est en toi, l\u00e0 o\u00f9 il est juste qu\u2019elle se situe, pour toi, ton parcours, ton initiation, ton choix\u2026 Si tu le souhaites, pose \u00e0 ton \u00c2me la question la plus pressante en ces temps, celle qui taraude le plus ton inconscient, ton conscient, ton mental, tes \u00e9motions, et laisse venir un mot, un symbole, un signe, une pens\u00e9e, une image\u2026 Tout est cod\u00e9, tu es reli\u00e9\/e, donc tu sais interpr\u00e9ter, et cela sera\u2026<\/p>\n<p>Surtout, ne doute pas, tu d\u00e9tiens une v\u00e9rit\u00e9, rien qu\u2019une v\u00e9rit\u00e9 parmi tant d\u2019autres, et ton \u00c2me sait de laquelle tu as actuellement besoin, ce qui te laisse de grandes latitudes pour le futur, puisque d\u2019autres en prendront plus tard le relai, et ainsi de suite, ind\u00e9finiment, tu changeras de niveau vibratoire\u2026 H\u00e9 oui, tout est Vibration, tout est Energie, rien n\u2019est immuable, tout est Mouvement, donc Changement, et donc les v\u00e9rit\u00e9s se succ\u00e8dent ind\u00e9finiment, pour le plus grand bonheur de la d\u00e9couverture de chacune et de chacun, ici-bas et ailleurs, dans tous les univers\u2026 L\u2019Infini est grandiose !\u2026<\/p>\n<p>Dans une g\u00e9n\u00e9ralit\u00e9, Je pourrais dire qu\u2019elle est en chacune des cellules de ton corps, mais elle est aussi dans les auras, donc partout, elle a acc\u00e8s aux informations de l\u2019Infini\u2026 Ce qui ne peut l\u2019emp\u00eacher de r\u00e9sider en un point sp\u00e9cifique si tel est son chemin en toi, par toi\u2026 Je redis ici que tout, absolument tout, est possible, et qu\u2019il est temps que vous sortiez des id\u00e9es toutes faites, des id\u00e9es \u00e9tablies, des croyances qui vous ont tant enferm\u00e9s depuis si longtemps\u2026 Pour cela, en \u00e9vitant de se perdre dans de multiples directions, Nous invitons chaque \u00eatre de la Terre, et ceux qui cherchent le SOI REEL, \u00e0 \u00ab Ressentir \u00bb ce que le mot \u00ab \u00c2ME \u00bb signifie en eux\u2026 Qu\u2019\u00e9voque-t-elle, l\u00e0, maintenant, juste apr\u00e8s avoir pos\u00e9 la question ?\u2026 Certains penseront \u00ab po\u00e9sie \u00bb, \u00ab arts \u00bb, \u00ab musique \u00bb, d\u2019autres \u00ab \u00e9criture \u00bb, d\u2019autres encore penseront \u00e0 la somme des exp\u00e9riences v\u00e9cues, d\u2019autres \u00e0 tant et tant d\u2019id\u00e9es qu\u2019il serait vain de les donner ici, parce que tout est illimit\u00e9\u2026<\/p>\n<p>J\u2019insiste aujourd\u2019hui, parce que tu es pr\u00eat\/e \u00e0 l\u2019entendre, que toutes croyances cr\u00e9ent vos r\u00e9sultats, attirent vos exp\u00e9riences, et donc que ce que tu crois sur l\u2019\u00c2me te sera d\u00e9montr\u00e9, sera concr\u00e9tis\u00e9, mat\u00e9rialis\u00e9, ou tout simplement sugg\u00e9r\u00e9 en esprit\u2026 Vois o\u00f9 tu en es en tes croyances \u00e0 propos de l\u2019\u00c2me, et d\u00e9j\u00e0, tu seras davantage pr\u00eat\/e \u00e0 comprendre et int\u00e9grer les valeurs de l\u2019Illimit\u00e9, celles de ton Esprit, celles des Coh\u00e9rences, et d\u00e9j\u00e0, tu sauras mieux Aimer ce que tu es, par les parts connues en toi, par les parts inconnues, donc par la confiance que tu places et placeras en ton chemin de constance\u2026 Tout te parlera de ton \u00c2me : la nature, les autres, les lieux, les forces, les \u00e9nergies, et J\u2019en passe\u2026<\/p>\n<p>Alors, tu seras davantage pr\u00eat\/e \u00e0 concevoir l\u2019id\u00e9e que ton \u00c2me est multidimensionnelle, qu\u2019elle est partout en m\u00eame temps, et non plus uniquement en toi, en ton corps physique, puisque tu sauras qu\u2019elle est LA LUMIERE et que son existence d\u00e9pend de l\u2019Infiniment Grand, et non pas uniquement de toi\u2026 Vois-tu o\u00f9 La Lumi\u00e8re souhaite te mener ?\u2026 Vers quelle Immensit\u00e9 ?\u2026 Vers quelle Joie de te sentir Exister en le GRAND TOUT ?\u2026 par ton \u00c2me et ton Esprit ?\u2026<\/p>\n<p>Ami\/e bien-aim\u00e9\/e, tant d\u2019ignorances ont ferm\u00e9 les portes de la Connaissance, et tant de fois, l\u2019Amour a \u00e9t\u00e9 tortur\u00e9 et refoul\u00e9, qu\u2019il est temps de le laisser s\u2019\u00e9tendre, de te laisser entrevoir l\u2019Immensit\u00e9 de la Cr\u00e9ation, sachant que cette Cr\u00e9ation, dont tu fais enti\u00e8rement partie, est aussi en toi, en sa totalit\u00e9, et naturellement\u2026<\/p>\n<p>Que ces paragraphes t\u2019aident \u00e0 te situer en toi-m\u00eame, \u00e0 comprendre mieux ton \u00eatre profond et ce que tu penses porter en toi, et que tout te rende l\u00e9g\u00e8re ou l\u00e9ger, en cet instant pr\u00e9cis, puis plus longuement\u2026<\/p>\n<p>Je t\u2019aime infiniment\u2026 La Conscience d\u2019ORION te salue\u2026<\/p>\n<p>Mich\u00e8le Erena<\/p>\n<p>Le 22 Mai 2014<\/p>\n","protected":false},"excerpt":{"rendered":"<p>L\u2019\u00c2ME\u2026 Ami\/ bien-aim\u00e9\/e, qu\u2019est-ce que l\u2019\u00c2me ?\u2026 En quoi te concerne-t-elle ?\u2026 O\u00f9 se situe-t-elle en toi ?\u2026 A quelle part de toi la rattaches-tu ?\u2026 Comment con\u00e7ois-tu cette notion d\u2019\u00c2me ?\u2026 Quelle sensibilit\u00e9 t\u2019offre-t-elle ?\u2026 Toutes les questions sont possibles, puisque souvent, tu ignores de quoi il s\u2019agit\u2026 La notion d\u2019\u00c2me est si vaste, &hellip; <a href=\"https:\/\/livre.philhotherapie.com\/lame\/\" class=\"more-link\">Continuer la lecture<span class=\"screen-reader-text\"> de &laquo;&nbsp;L\u2019\u00c2ME\u2026&nbsp;&raquo;<\/span><\/a><\/p>\n","protected":false},"author":15,"featured_media":1027,"comment_status":"open","ping_status":"closed","sticky":false,"template":"","format":"standard","meta":{"inline_featured_image":false},"categories":[24],"tags":[],"yoast_head":"<!-- This site is optimized with the Yoast SEO plugin v19.1 - https:\/\/yoast.com\/wordpress\/plugins\/seo\/ -->\n<title>L\u2019\u00c2ME\u2026 - Philhoth\u00e9rapie<\/title>\n<meta name=\"robots\" content=\"index, follow, max-snippet:-1, max-image-preview:large, max-video-preview:-1\" \/>\n<link rel=\"canonical\" href=\"https:\/\/livre.philhotherapie.com\/lame\/\" \/>\n<meta property=\"og:locale\" content=\"fr_FR\" \/>\n<meta property=\"og:type\" content=\"article\" \/>\n<meta property=\"og:title\" content=\"L\u2019\u00c2ME\u2026 - Philhoth\u00e9rapie\" \/>\n<meta property=\"og:description\" content=\"L\u2019\u00c2ME\u2026 Ami\/ bien-aim\u00e9\/e, qu\u2019est-ce que l\u2019\u00c2me ?\u2026 En quoi te concerne-t-elle ?\u2026 O\u00f9 se situe-t-elle en toi ?\u2026 A quelle part de toi la rattaches-tu ?\u2026 Comment con\u00e7ois-tu cette notion d\u2019\u00c2me ?\u2026 Quelle sensibilit\u00e9 t\u2019offre-t-elle ?\u2026 Toutes les questions sont possibles, puisque souvent, tu ignores de quoi il s\u2019agit\u2026 La notion d\u2019\u00c2me est si vaste, &hellip; Continuer la lecture de &laquo;&nbsp;L\u2019\u00c2ME\u2026&nbsp;&raquo;\" \/>\n<meta property=\"og:url\" content=\"https:\/\/livre.philhotherapie.com\/lame\/\" \/>\n<meta property=\"og:site_name\" content=\"Philhoth\u00e9rapie\" \/>\n<meta property=\"article:published_time\" content=\"2018-02-19T15:25:09+00:00\" \/>\n<meta property=\"article:modified_time\" content=\"2018-02-20T09:36:41+00:00\" \/>\n<meta property=\"og:image\" content=\"https:\/\/livre.philhotherapie.com\/incl\/uploads\/2018\/02\/meditation-1-26.jpg\" \/>\n\t<meta property=\"og:image:width\" content=\"900\" \/>\n\t<meta property=\"og:image:height\" content=\"543\" \/>\n\t<meta property=\"og:image:type\" content=\"image\/jpeg\" \/>\n<meta name=\"twitter:card\" content=\"summary\" \/>\n<meta name=\"twitter:label1\" content=\"\u00c9crit par\" \/>\n\t<meta name=\"twitter:data1\" content=\"Philippe Hoebeke\" \/>\n\t<meta name=\"twitter:label2\" content=\"Dur\u00e9e de lecture estim\u00e9e\" \/>\n\t<meta name=\"twitter:data2\" content=\"8 minutes\" \/>\n<script type=\"application\/ld+json\" class=\"yoast-schema-graph\">{\"@context\":\"https:\/\/schema.org\",\"@graph\":[{\"@type\":\"WebSite\",\"@id\":\"https:\/\/livre.philhotherapie.com\/#website\",\"url\":\"https:\/\/livre.philhotherapie.com\/\",\"name\":\"Philhoth\u00e9rapie\",\"description\":\"\",\"potentialAction\":[{\"@type\":\"SearchAction\",\"target\":{\"@type\":\"EntryPoint\",\"urlTemplate\":\"https:\/\/livre.philhotherapie.com\/?s={search_term_string}\"},\"query-input\":\"required name=search_term_string\"}],\"inLanguage\":\"fr-FR\"},{\"@type\":\"ImageObject\",\"inLanguage\":\"fr-FR\",\"@id\":\"https:\/\/livre.philhotherapie.com\/lame\/#primaryimage\",\"url\":\"https:\/\/livre.philhotherapie.com\/incl\/uploads\/2018\/02\/meditation-1-26.jpg\",\"contentUrl\":\"https:\/\/livre.philhotherapie.com\/incl\/uploads\/2018\/02\/meditation-1-26.jpg\",\"width\":900,\"height\":543},{\"@type\":\"WebPage\",\"@id\":\"https:\/\/livre.philhotherapie.com\/lame\/#webpage\",\"url\":\"https:\/\/livre.philhotherapie.com\/lame\/\",\"name\":\"L\u2019\u00c2ME\u2026 - Philhoth\u00e9rapie\",\"isPartOf\":{\"@id\":\"https:\/\/livre.philhotherapie.com\/#website\"},\"primaryImageOfPage\":{\"@id\":\"https:\/\/livre.philhotherapie.com\/lame\/#primaryimage\"},\"datePublished\":\"2018-02-19T15:25:09+00:00\",\"dateModified\":\"2018-02-20T09:36:41+00:00\",\"author\":{\"@id\":\"https:\/\/livre.philhotherapie.com\/#\/schema\/person\/eaa154ff51229fbd2d001910c04498db\"},\"breadcrumb\":{\"@id\":\"https:\/\/livre.philhotherapie.com\/lame\/#breadcrumb\"},\"inLanguage\":\"fr-FR\",\"potentialAction\":[{\"@type\":\"ReadAction\",\"target\":[\"https:\/\/livre.philhotherapie.com\/lame\/\"]}]},{\"@type\":\"BreadcrumbList\",\"@id\":\"https:\/\/livre.philhotherapie.com\/lame\/#breadcrumb\",\"itemListElement\":[{\"@type\":\"ListItem\",\"position\":1,\"name\":\"Accueil\",\"item\":\"https:\/\/livre.philhotherapie.com\/\"},{\"@type\":\"ListItem\",\"position\":2,\"name\":\"L\u2019\u00c2ME\u2026\"}]},{\"@type\":\"Person\",\"@id\":\"https:\/\/livre.philhotherapie.com\/#\/schema\/person\/eaa154ff51229fbd2d001910c04498db\",\"name\":\"Philippe Hoebeke\",\"image\":{\"@type\":\"ImageObject\",\"inLanguage\":\"fr-FR\",\"@id\":\"https:\/\/livre.philhotherapie.com\/#\/schema\/person\/image\/\",\"url\":\"https:\/\/livre.philhotherapie.com\/incl\/uploads\/2021\/09\/avatar_user_15_1632473870-96x96.jpg\",\"contentUrl\":\"https:\/\/livre.philhotherapie.com\/incl\/uploads\/2021\/09\/avatar_user_15_1632473870-96x96.jpg\",\"caption\":\"Philippe Hoebeke\"},\"url\":\"https:\/\/livre.philhotherapie.com\/profile\/philho63gmail-com\/\"}]}<\/script>\n<!-- \/ Yoast SEO plugin. -->","yoast_head_json":{"title":"L\u2019\u00c2ME\u2026 - Philhoth\u00e9rapie","robots":{"index":"index","follow":"follow","max-snippet":"max-snippet:-1","max-image-preview":"max-image-preview:large","max-video-preview":"max-video-preview:-1"},"canonical":"https:\/\/livre.philhotherapie.com\/lame\/","og_locale":"fr_FR","og_type":"article","og_title":"L\u2019\u00c2ME\u2026 - Philhoth\u00e9rapie","og_description":"L\u2019\u00c2ME\u2026 Ami\/ bien-aim\u00e9\/e, qu\u2019est-ce que l\u2019\u00c2me ?\u2026 En quoi te concerne-t-elle ?\u2026 O\u00f9 se situe-t-elle en toi ?\u2026 A quelle part de toi la rattaches-tu ?\u2026 Comment con\u00e7ois-tu cette notion d\u2019\u00c2me ?\u2026 Quelle sensibilit\u00e9 t\u2019offre-t-elle ?\u2026 Toutes les questions sont possibles, puisque souvent, tu ignores de quoi il s\u2019agit\u2026 La notion d\u2019\u00c2me est si vaste, &hellip; Continuer la lecture de &laquo;&nbsp;L\u2019\u00c2ME\u2026&nbsp;&raquo;","og_url":"https:\/\/livre.philhotherapie.com\/lame\/","og_site_name":"Philhoth\u00e9rapie","article_published_time":"2018-02-19T15:25:09+00:00","article_modified_time":"2018-02-20T09:36:41+00:00","og_image":[{"width":900,"height":543,"url":"https:\/\/livre.philhotherapie.com\/incl\/uploads\/2018\/02\/meditation-1-26.jpg","type":"image\/jpeg"}],"twitter_card":"summary","twitter_misc":{"\u00c9crit par":"Philippe Hoebeke","Dur\u00e9e de lecture estim\u00e9e":"8 minutes"},"schema":{"@context":"https:\/\/schema.org","@graph":[{"@type":"WebSite","@id":"https:\/\/livre.philhotherapie.com\/#website","url":"https:\/\/livre.philhotherapie.com\/","name":"Philhoth\u00e9rapie","description":"","potentialAction":[{"@type":"SearchAction","target":{"@type":"EntryPoint","urlTemplate":"https:\/\/livre.philhotherapie.com\/?s={search_term_string}"},"query-input":"required name=search_term_string"}],"inLanguage":"fr-FR"},{"@type":"ImageObject","inLanguage":"fr-FR","@id":"https:\/\/livre.philhotherapie.com\/lame\/#primaryimage","url":"https:\/\/livre.philhotherapie.com\/incl\/uploads\/2018\/02\/meditation-1-26.jpg","contentUrl":"https:\/\/livre.philhotherapie.com\/incl\/uploads\/2018\/02\/meditation-1-26.jpg","width":900,"height":543},{"@type":"WebPage","@id":"https:\/\/livre.philhotherapie.com\/lame\/#webpage","url":"https:\/\/livre.philhotherapie.com\/lame\/","name":"L\u2019\u00c2ME\u2026 - Philhoth\u00e9rapie","isPartOf":{"@id":"https:\/\/livre.philhotherapie.com\/#website"},"primaryImageOfPage":{"@id":"https:\/\/livre.philhotherapie.com\/lame\/#primaryimage"},"datePublished":"2018-02-19T15:25:09+00:00","dateModified":"2018-02-20T09:36:41+00:00","author":{"@id":"https:\/\/livre.philhotherapie.com\/#\/schema\/person\/eaa154ff51229fbd2d001910c04498db"},"breadcrumb":{"@id":"https:\/\/livre.philhotherapie.com\/lame\/#breadcrumb"},"inLanguage":"fr-FR","potentialAction":[{"@type":"ReadAction","target":["https:\/\/livre.philhotherapie.com\/lame\/"]}]},{"@type":"BreadcrumbList","@id":"https:\/\/livre.philhotherapie.com\/lame\/#breadcrumb","itemListElement":[{"@type":"ListItem","position":1,"name":"Accueil","item":"https:\/\/livre.philhotherapie.com\/"},{"@type":"ListItem","position":2,"name":"L\u2019\u00c2ME\u2026"}]},{"@type":"Person","@id":"https:\/\/livre.philhotherapie.com\/#\/schema\/person\/eaa154ff51229fbd2d001910c04498db","name":"Philippe Hoebeke","image":{"@type":"ImageObject","inLanguage":"fr-FR","@id":"https:\/\/livre.philhotherapie.com\/#\/schema\/person\/image\/","url":"https:\/\/livre.philhotherapie.com\/incl\/uploads\/2021\/09\/avatar_user_15_1632473870-96x96.jpg","contentUrl":"https:\/\/livre.philhotherapie.com\/incl\/uploads\/2021\/09\/avatar_user_15_1632473870-96x96.jpg","caption":"Philippe Hoebeke"},"url":"https:\/\/livre.philhotherapie.com\/profile\/philho63gmail-com\/"}]}},"acf":[],"_links":{"self":[{"href":"https:\/\/livre.philhotherapie.com\/rest_api\/wp\/v2\/posts\/1024"}],"collection":[{"href":"https:\/\/livre.philhotherapie.com\/rest_api\/wp\/v2\/posts"}],"about":[{"href":"https:\/\/livre.philhotherapie.com\/rest_api\/wp\/v2\/types\/post"}],"author":[{"embeddable":true,"href":"https:\/\/livre.philhotherapie.com\/rest_api\/wp\/v2\/users\/15"}],"replies":[{"embeddable":true,"href":"https:\/\/livre.philhotherapie.com\/rest_api\/wp\/v2\/comments?post=1024"}],"version-history":[{"count":1,"href":"https:\/\/livre.philhotherapie.com\/rest_api\/wp\/v2\/posts\/1024\/revisions"}],"predecessor-version":[{"id":1025,"href":"https:\/\/livre.philhotherapie.com\/rest_api\/wp\/v2\/posts\/1024\/revisions\/1025"}],"wp:featuredmedia":[{"embeddable":true,"href":"https:\/\/livre.philhotherapie.com\/rest_api\/wp\/v2\/media\/1027"}],"wp:attachment":[{"href":"https:\/\/livre.philhotherapie.com\/rest_api\/wp\/v2\/media?parent=1024"}],"wp:term":[{"taxonomy":"category","embeddable":true,"href":"https:\/\/livre.philhotherapie.com\/rest_api\/wp\/v2\/categories?post=1024"},{"taxonomy":"post_tag","embeddable":true,"href":"https:\/\/livre.philhotherapie.com\/rest_api\/wp\/v2\/tags?post=1024"}],"curies":[{"name":"wp","href":"https:\/\/api.w.org\/{rel}","templated":true}]}}